{"id":189,"date":"2022-06-30T01:00:53","date_gmt":"2022-06-30T01:00:53","guid":{"rendered":"https:\/\/nicolasgallade.ch\/?p=189"},"modified":"2022-07-20T15:01:21","modified_gmt":"2022-07-20T15:01:21","slug":"zu-gast-bei-freunden","status":"publish","type":"post","link":"https:\/\/nicolasgallade.ch\/index.php\/2022\/06\/30\/zu-gast-bei-freunden\/","title":{"rendered":"Zu Gast bei Freunden"},"content":{"rendered":"<div  class='flex_column av-ooep-323a1b4eca0cd21e7e5a8424f699abb9 av_one_full  avia-builder-el-0  avia-builder-el-no-sibling  first flex_column_div  '     ><p>\n<style type=\"text\/css\" data-created_by=\"avia_inline_auto\" id=\"style-css-av-l2w7rzvm-a608e9725a4eaf0abb90dbb7fc2fe64c\">\n.avia-image-container.av-l2w7rzvm-a608e9725a4eaf0abb90dbb7fc2fe64c img.avia_image{\nbox-shadow:none;\n}\n.avia-image-container.av-l2w7rzvm-a608e9725a4eaf0abb90dbb7fc2fe64c .av-image-caption-overlay-center{\ncolor:#ffffff;\n}\n<\/style>\n<div  class='avia-image-container av-l2w7rzvm-a608e9725a4eaf0abb90dbb7fc2fe64c av-styling- avia-align-center  avia-builder-el-1  el_before_av_hr  avia-builder-el-first '   itemprop=\"image\" itemscope=\"itemscope\" itemtype=\"https:\/\/schema.org\/ImageObject\" ><div class=\"avia-image-container-inner\"><div class=\"avia-image-overlay-wrap\"><img decoding=\"async\" fetchpriority=\"high\" class='wp-image-193 avia-img-lazy-loading-not-193 avia_image ' src=\"https:\/\/nicolasgallade.ch\/wp-content\/uploads\/2022\/07\/220630_Beitrag_Gallade-e1658328891292.png\" alt='' title='220630_Beitrag_Gallade'  height=\"600\" width=\"800\"  itemprop=\"thumbnailUrl\" srcset=\"https:\/\/nicolasgallade.ch\/wp-content\/uploads\/2022\/07\/220630_Beitrag_Gallade-e1658328891292.png 800w, https:\/\/nicolasgallade.ch\/wp-content\/uploads\/2022\/07\/220630_Beitrag_Gallade-e1658328891292-300x225.png 300w, https:\/\/nicolasgallade.ch\/wp-content\/uploads\/2022\/07\/220630_Beitrag_Gallade-e1658328891292-768x576.png 768w, https:\/\/nicolasgallade.ch\/wp-content\/uploads\/2022\/07\/220630_Beitrag_Gallade-e1658328891292-705x529.png 705w\" sizes=\"(max-width: 800px) 100vw, 800px\" \/><\/div><\/div><\/div><br \/>\n\n<style type=\"text\/css\" data-created_by=\"avia_inline_auto\" id=\"style-css-av-kykk9sf4-dbfbf82eff6975594fea3f18a47eb560\">\n#top .hr.hr-invisible.av-kykk9sf4-dbfbf82eff6975594fea3f18a47eb560{\nheight:20px;\n}\n<\/style>\n<div  class='hr av-kykk9sf4-dbfbf82eff6975594fea3f18a47eb560 hr-invisible  avia-builder-el-2  el_after_av_image  el_before_av_textblock '><span class='hr-inner '><span class=\"hr-inner-style\"><\/span><\/span><\/div><br \/>\n\n<style type=\"text\/css\" data-created_by=\"avia_inline_auto\" id=\"style-css-av-kykk4rss-a376bf22d87192667ab2f0e00aa0781b\">\n#top .av_textblock_section.av-kykk4rss-a376bf22d87192667ab2f0e00aa0781b .avia_textblock{\nfont-size:18px;\n}\n\n@media only screen and (min-width: 768px) and (max-width: 989px){ \n#top .av_textblock_section.av-kykk4rss-a376bf22d87192667ab2f0e00aa0781b .avia_textblock{\nfont-size:16px;\n}\n}\n\n@media only screen and (min-width: 480px) and (max-width: 767px){ \n#top .av_textblock_section.av-kykk4rss-a376bf22d87192667ab2f0e00aa0781b .avia_textblock{\nfont-size:14px;\n}\n}\n\n@media only screen and (max-width: 479px){ \n#top .av_textblock_section.av-kykk4rss-a376bf22d87192667ab2f0e00aa0781b .avia_textblock{\nfont-size:14px;\n}\n}\n<\/style>\n<section  class='av_textblock_section av-kykk4rss-a376bf22d87192667ab2f0e00aa0781b '   itemscope=\"itemscope\" itemtype=\"https:\/\/schema.org\/BlogPosting\" itemprop=\"blogPost\" ><div class='avia_textblock'  itemprop=\"text\" ><h2>\u00abDie Welt zu Gast bei Freunden\u00bb<\/h2>\n<p>Erinnern Sie sich? So lautete das offizielle Motto der Fussball-Weltmeisterschaft 2006. Deutschland pr\u00e4sentierte sich beim weltweit wohl meistbeachteten Anlass als herzlicher Gastgeber. F\u00fcr einmal passte der Slogan mit dem den G\u00e4sten in den Stadien, Public-Viewing-Zonen und Fanmeilen vermittelten Gef\u00fchl \u00fcberein. Die G\u00e4ste in Deutschland und die Zuschauerinnen und Zuschauer in aller Welt f\u00fchlten sich herzlich Willkommen. Auch f\u00fcr Deutschland hatte das \u00abSommerm\u00e4rchen\u00bb auf (der Gastgeber wurde mit einer attraktiven Spielweise Dritter) und neben dem Platz positive Auswirkungen: Die Fussball-WM vor 16 Jahren f\u00fchrte zum gr\u00f6ssten Imagegewinn Deutschlands in der Welt.<\/p>\n<p>In 16 Tagen beginnt die neue Super-League-Saison im Schweizer Fussball: Der Aufsteiger FC Winterthur empf\u00e4ngt zum Saisonstart auf der Sch\u00fctzenwiese den FC Basel. Auch wenn die h\u00f6chste Fussballiga in unserem Land verglichen mit einer Fussball-WM ein Winzling ist: Fussball hat nicht nur eine immense integrative und identit\u00e4tsstiftende Kraft nach innen, sondern auch eine enorme Aussenwirkung. Dass Winterthur wieder auf der schweizerischen Fussballlandkarte ist, hat Image- und Standortf\u00f6rderungspotential, das seinesgleichen sucht. Dies ist bereits seit dem Aufstieg im Mai erkennbar. Der FC Winterthur und die ganze Stadt finden medial grosse und wohlwollende Beachtung.<\/p>\n<p>Das wird mit dem Saisonstart zunehmen. Eine grosse Anzahl von G\u00e4stefans wird gerne auf die Sch\u00fctzenwiese mit ihrem Retro-Charme kommen und unsere Willkommens- und Fankultur erleben und geniessen. W\u00f6chentlich wird es in den Medien schweizweit Matchvorschauen und \u2013berichte geben, die nat\u00fcrlich den Fokus auf den Sport richten, aber sicherlich auch viel Platz f\u00fcr unsere Fussballkultur und unsere Stadt und ihrer positiven Entwicklung einr\u00e4umen werden. Klar, es wird nicht mehr alles genau so sein wie fr\u00fcher. Ich werde l\u00e4nger anstehen m\u00fcssen beim Wurststand. Ich muss mich entscheiden, ob ich das Spiel aus der Bier- oder der Sirupkurve verfolgen will. Es wird ein gr\u00f6sseres Sicherheitsaufgebot geben. Und f\u00fcr mich am Bedauerlichsten: Wir werden nicht mehr so viele FCW-Tore wie in der letzten Saison bejubeln k\u00f6nnen. Aber unter dem Strich \u00fcberwiegen auf und neben dem Platz klar die Chancen. Nutzen wir sie. Und heissen unsere G\u00e4ste auf der Sch\u00fctzenwiese in Winterthur willkommen: Die Welt zu Gast bei Freunden.<\/p>\n<p>Nicolas Gallad\u00e9, Vorsteher Departement Soziales<\/p>\n<\/div><\/section><\/p><\/div>\n","protected":false},"excerpt":{"rendered":"<p>Die Solidarit\u00e4t mit den Gefl\u00fcchteten aus der Ukraine ist gross. Die damit verbundene Hilfsbereitschaft verdient ein grosses Dankesch\u00f6n. Durch die Auseinandersetzung mit den Lebensbedingungen der Gefl\u00fcchteten werden vielen Menschen bisher unbekannte Realit\u00e4ten bewusst. In den letzten Wochen wurden mir folgende Fragen gestellt: Wie kann man mit so wenig Geld leben? Wieso erhalten Gefl\u00fcchtete je nach Wohnort unterschiedliche Unterst\u00fctzungsans\u00e4tze?<\/p>\n","protected":false},"author":2,"featured_media":193,"comment_status":"open","ping_status":"closed","sticky":false,"template":"","format":"standard","meta":{"footnotes":""},"categories":[3,4],"tags":[13,6,12],"class_list":["post-189","post","type-post","status-publish","format-standard","has-post-thumbnail","hentry","category-front_news","category-meinungen","tag-fluechtlinge","tag-sozialhilfe","tag-ukraine"],"_links":{"self":[{"href":"https:\/\/nicolasgallade.ch\/index.php\/wp-json\/wp\/v2\/posts\/189","targetHints":{"allow":["GET"]}}],"collection":[{"href":"https:\/\/nicolasgallade.ch\/index.php\/wp-json\/wp\/v2\/posts"}],"about":[{"href":"https:\/\/nicolasgallade.ch\/index.php\/wp-json\/wp\/v2\/types\/post"}],"author":[{"embeddable":true,"href":"https:\/\/nicolasgallade.ch\/index.php\/wp-json\/wp\/v2\/users\/2"}],"replies":[{"embeddable":true,"href":"https:\/\/nicolasgallade.ch\/index.php\/wp-json\/wp\/v2\/comments?post=189"}],"version-history":[{"count":3,"href":"https:\/\/nicolasgallade.ch\/index.php\/wp-json\/wp\/v2\/posts\/189\/revisions"}],"predecessor-version":[{"id":226,"href":"https:\/\/nicolasgallade.ch\/index.php\/wp-json\/wp\/v2\/posts\/189\/revisions\/226"}],"wp:featuredmedia":[{"embeddable":true,"href":"https:\/\/nicolasgallade.ch\/index.php\/wp-json\/wp\/v2\/media\/193"}],"wp:attachment":[{"href":"https:\/\/nicolasgallade.ch\/index.php\/wp-json\/wp\/v2\/media?parent=189"}],"wp:term":[{"taxonomy":"category","embeddable":true,"href":"https:\/\/nicolasgallade.ch\/index.php\/wp-json\/wp\/v2\/categories?post=189"},{"taxonomy":"post_tag","embeddable":true,"href":"https:\/\/nicolasgallade.ch\/index.php\/wp-json\/wp\/v2\/tags?post=189"}],"curies":[{"name":"wp","href":"https:\/\/api.w.org\/{rel}","templated":true}]}}