{"id":227,"date":"2023-02-09T06:00:14","date_gmt":"2023-02-09T06:00:14","guid":{"rendered":"https:\/\/nicolasgallade.ch\/?p=227"},"modified":"2023-02-08T09:35:39","modified_gmt":"2023-02-08T09:35:39","slug":"weichen-stellen-fuer-winterthur","status":"publish","type":"post","link":"https:\/\/nicolasgallade.ch\/index.php\/2023\/02\/09\/weichen-stellen-fuer-winterthur\/","title":{"rendered":"Weichen stellen f\u00fcr Winterthur"},"content":{"rendered":"<div  class='flex_column av-ooep-323a1b4eca0cd21e7e5a8424f699abb9 av_one_full  avia-builder-el-0  avia-builder-el-no-sibling  first flex_column_div  '     ><p>\n<style type=\"text\/css\" data-created_by=\"avia_inline_auto\" id=\"style-css-av-l2w7rzvm-976596e7b789dfd276e3bd54797abf38\">\n.avia-image-container.av-l2w7rzvm-976596e7b789dfd276e3bd54797abf38 img.avia_image{\nbox-shadow:none;\n}\n.avia-image-container.av-l2w7rzvm-976596e7b789dfd276e3bd54797abf38 .av-image-caption-overlay-center{\ncolor:#ffffff;\n}\n<\/style>\n<div  class='avia-image-container av-l2w7rzvm-976596e7b789dfd276e3bd54797abf38 av-styling- avia-align-center  avia-builder-el-1  el_before_av_hr  avia-builder-el-first '   itemprop=\"image\" itemscope=\"itemscope\" itemtype=\"https:\/\/schema.org\/ImageObject\" ><div class=\"avia-image-container-inner\"><div class=\"avia-image-overlay-wrap\"><img decoding=\"async\" fetchpriority=\"high\" class='wp-image-229 avia-img-lazy-loading-not-229 avia_image ' src=\"https:\/\/nicolasgallade.ch\/wp-content\/uploads\/2023\/02\/230208_Beitrag_Gallade.png\" alt='' title='230208_Beitrag_Gallade'  height=\"1250\" width=\"1667\"  itemprop=\"thumbnailUrl\" srcset=\"https:\/\/nicolasgallade.ch\/wp-content\/uploads\/2023\/02\/230208_Beitrag_Gallade.png 1667w, https:\/\/nicolasgallade.ch\/wp-content\/uploads\/2023\/02\/230208_Beitrag_Gallade-300x225.png 300w, https:\/\/nicolasgallade.ch\/wp-content\/uploads\/2023\/02\/230208_Beitrag_Gallade-1030x772.png 1030w, https:\/\/nicolasgallade.ch\/wp-content\/uploads\/2023\/02\/230208_Beitrag_Gallade-768x576.png 768w, https:\/\/nicolasgallade.ch\/wp-content\/uploads\/2023\/02\/230208_Beitrag_Gallade-1536x1152.png 1536w, https:\/\/nicolasgallade.ch\/wp-content\/uploads\/2023\/02\/230208_Beitrag_Gallade-1500x1125.png 1500w, https:\/\/nicolasgallade.ch\/wp-content\/uploads\/2023\/02\/230208_Beitrag_Gallade-705x529.png 705w\" sizes=\"(max-width: 1667px) 100vw, 1667px\" \/><\/div><\/div><\/div><br \/>\n\n<style type=\"text\/css\" data-created_by=\"avia_inline_auto\" id=\"style-css-av-kykk9sf4-dbfbf82eff6975594fea3f18a47eb560\">\n#top .hr.hr-invisible.av-kykk9sf4-dbfbf82eff6975594fea3f18a47eb560{\nheight:20px;\n}\n<\/style>\n<div  class='hr av-kykk9sf4-dbfbf82eff6975594fea3f18a47eb560 hr-invisible  avia-builder-el-2  el_after_av_image  el_before_av_textblock '><span class='hr-inner '><span class=\"hr-inner-style\"><\/span><\/span><\/div><br \/>\n\n<style type=\"text\/css\" data-created_by=\"avia_inline_auto\" id=\"style-css-av-kykk4rss-a376bf22d87192667ab2f0e00aa0781b\">\n#top .av_textblock_section.av-kykk4rss-a376bf22d87192667ab2f0e00aa0781b .avia_textblock{\nfont-size:18px;\n}\n\n@media only screen and (min-width: 768px) and (max-width: 989px){ \n#top .av_textblock_section.av-kykk4rss-a376bf22d87192667ab2f0e00aa0781b .avia_textblock{\nfont-size:16px;\n}\n}\n\n@media only screen and (min-width: 480px) and (max-width: 767px){ \n#top .av_textblock_section.av-kykk4rss-a376bf22d87192667ab2f0e00aa0781b .avia_textblock{\nfont-size:14px;\n}\n}\n\n@media only screen and (max-width: 479px){ \n#top .av_textblock_section.av-kykk4rss-a376bf22d87192667ab2f0e00aa0781b .avia_textblock{\nfont-size:14px;\n}\n}\n<\/style>\n<section  class='av_textblock_section av-kykk4rss-a376bf22d87192667ab2f0e00aa0781b '   itemscope=\"itemscope\" itemtype=\"https:\/\/schema.org\/BlogPosting\" itemprop=\"blogPost\" ><div class='avia_textblock'  itemprop=\"text\" ><h2>Weichen stellen f\u00fcr Winterthur<\/h2>\n<p>Am Montag hatte der Kantonsrat seine letzte Sitzung vor den Wahlen vom kommenden Sonntag. Als drittes Traktandum behandelte er: Teilrevision 2018 des kantonalen Richtplans, Kapitel 4.2 \u00abStrassenverkehr\u00bb, 4.3 \u00ab\u00d6ffentlicher Verkehr\u00bb und 4.9 \u00abGrundlagen\u00bb.<\/p>\n<p>Was nach trockener Materie klingt, beinhaltete einen wegweisenden Entscheid f\u00fcr Winterthur. Beim Ausbau der Autobahn A1 hat die Mehrheit des Kantonsrates eine stadtvertr\u00e4gliche L\u00f6sung im Richtplan festgelegt. Anstelle der urspr\u00fcnglich vorgesehenen acht Spuren sind es nun lediglich deren sechs. Verkehrlich flankierende Massnahmen f\u00fcr die Bev\u00f6lkerung sind nun im Richtplan festgehalten. Die Autobahn soll durch das Gebiet Ebnet in einen Tunnel verlegt und in W\u00fclflingen \u00fcberdeckt werden. Diese Stadtreparatur h\u00e4tte eine Aufwertung von T\u00f6ss zur Folge. Die T\u00f6ss w\u00fcrde freigelegt. Die Visionen des Masterplans Winterthur S\u00fcd w\u00fcrden mit dem Tiefbauvorhaben koordiniert und die Umsetzung dadurch beg\u00fcnstigt. Ein Entwicklungsgebiet mit hohem st\u00e4dtebaulichem Potential w\u00fcrde freigespielt, das mit einem zus\u00e4tzlichen Bahnhof bestens erschlossen w\u00e4re.<\/p>\n<p>Die Bedeutung dieses Vorhabens geht weit \u00fcber T\u00f6ss und D\u00e4ttnau hinaus: \u00abDer Masterplan Winterthur S\u00fcd hat \u00fcbergeordnet eine raumplanerische Dimension\u00bb, schrieb die NZZ und schloss mit der Einsch\u00e4tzung: \u00abDer s\u00fcdliche Stadtteil von Winterthur hat das Potenzial, das 13. neben 12 bereits bezeichneten kantonalen Zentrumsgebieten zu werden\u00bb.<\/p>\n<p>Die Anpassung des Richtplaneintrags ist eine wichtige Weichenstellung auf dem Weg dahin. Dazu sind wir auf die richtigen Personen und Mehrheiten im Kantons- und Regierungsrat angewiesen. Das gilt auch f\u00fcr andere Vorlagen. Was einst als Parlamentarische Initiative 163\/2014, Soziallastenausgleich im Finanzausgleichsgesetz, durch Rosmarie Joss (SP), Marcel Lenggenhager (BDP) und Martin Neukom (Gr\u00fcne) eingereicht wurde, f\u00fchrte zu einer Vorlage zur Erh\u00f6hung des kantonalen Finanzierungsanteils bei den Zusatzleistungen zur AHV und IV. Und bringt f\u00fcr die Stadt Winterthur ab 2022 eine finanzielle Verbesserung von j\u00e4hrlich rund 15 Millionen Franken. F\u00fcr Winterthur eine der bedeutendsten Vorlagen dieser Legislatur. Damit es auch in den n\u00e4chsten vier Jahren Erfolgsgeschichten f\u00fcr Winterthur auf kantonaler Ebene gibt, braucht es Vertreter*innen, die sich f\u00fcr unsere Anliegen einsetzen. Und \u2013 erst recht angesichts der bisher sehr tiefen Beteiligung &#8211; ihre Stimme f\u00fcr diese bei den Wahlen am Sonntag.<\/p>\n<p>Nicolas Gallad\u00e9, Stadtrat und Sozialvorsteher<\/p>\n<\/div><\/section><\/p><\/div>\n","protected":false},"excerpt":{"rendered":"<p>Die Entwicklung von Winterthur ist auch stark vom Kantonsrat abh\u00e4ngig. Das zeigt auch das Beispiel \u00abWinterthur-S\u00fcd\u00bb. Darum am 12. Februar 2023 unbedingt w\u00e4hlen gehen. Liste 2 Sozialdemokratische Partei sowie Jacqueline Fehr (bisher) und Priska Seiler als Regierungsr\u00e4tinnen w\u00e4hlen. Zusammen mit Martin Neukom (Gr\u00fcne, bisher) und Anne-Claude Hensch (AL)<\/p>\n","protected":false},"author":2,"featured_media":229,"comment_status":"open","ping_status":"closed","sticky":false,"template":"","format":"standard","meta":{"footnotes":""},"categories":[3,4],"tags":[17,18,16,19],"class_list":["post-227","post","type-post","status-publish","format-standard","has-post-thumbnail","hentry","category-front_news","category-meinungen","tag-kantonsrat","tag-regierungsrat","tag-wahlen","tag-winterthur"],"_links":{"self":[{"href":"https:\/\/nicolasgallade.ch\/index.php\/wp-json\/wp\/v2\/posts\/227","targetHints":{"allow":["GET"]}}],"collection":[{"href":"https:\/\/nicolasgallade.ch\/index.php\/wp-json\/wp\/v2\/posts"}],"about":[{"href":"https:\/\/nicolasgallade.ch\/index.php\/wp-json\/wp\/v2\/types\/post"}],"author":[{"embeddable":true,"href":"https:\/\/nicolasgallade.ch\/index.php\/wp-json\/wp\/v2\/users\/2"}],"replies":[{"embeddable":true,"href":"https:\/\/nicolasgallade.ch\/index.php\/wp-json\/wp\/v2\/comments?post=227"}],"version-history":[{"count":3,"href":"https:\/\/nicolasgallade.ch\/index.php\/wp-json\/wp\/v2\/posts\/227\/revisions"}],"predecessor-version":[{"id":232,"href":"https:\/\/nicolasgallade.ch\/index.php\/wp-json\/wp\/v2\/posts\/227\/revisions\/232"}],"wp:featuredmedia":[{"embeddable":true,"href":"https:\/\/nicolasgallade.ch\/index.php\/wp-json\/wp\/v2\/media\/229"}],"wp:attachment":[{"href":"https:\/\/nicolasgallade.ch\/index.php\/wp-json\/wp\/v2\/media?parent=227"}],"wp:term":[{"taxonomy":"category","embeddable":true,"href":"https:\/\/nicolasgallade.ch\/index.php\/wp-json\/wp\/v2\/categories?post=227"},{"taxonomy":"post_tag","embeddable":true,"href":"https:\/\/nicolasgallade.ch\/index.php\/wp-json\/wp\/v2\/tags?post=227"}],"curies":[{"name":"wp","href":"https:\/\/api.w.org\/{rel}","templated":true}]}}