{"id":234,"date":"2023-03-21T18:17:22","date_gmt":"2023-03-21T18:17:22","guid":{"rendered":"https:\/\/nicolasgallade.ch\/?p=234"},"modified":"2023-03-21T18:17:22","modified_gmt":"2023-03-21T18:17:22","slug":"die-stadt-bekommt-probleme-mit-der-googlisierung","status":"publish","type":"post","link":"https:\/\/nicolasgallade.ch\/index.php\/2023\/03\/21\/die-stadt-bekommt-probleme-mit-der-googlisierung\/","title":{"rendered":"Die Stadt bekommt Probleme mit der Googlisierung"},"content":{"rendered":"<div  class='flex_column av-ooep-323a1b4eca0cd21e7e5a8424f699abb9 av_one_full  avia-builder-el-0  avia-builder-el-no-sibling  first flex_column_div  '     ><p>\n<style type=\"text\/css\" data-created_by=\"avia_inline_auto\" id=\"style-css-av-l2w7rzvm-8418038ce66f588d801e57dd29f5e48b\">\n.avia-image-container.av-l2w7rzvm-8418038ce66f588d801e57dd29f5e48b img.avia_image{\nbox-shadow:none;\n}\n.avia-image-container.av-l2w7rzvm-8418038ce66f588d801e57dd29f5e48b .av-image-caption-overlay-center{\ncolor:#ffffff;\n}\n<\/style>\n<div  class='avia-image-container av-l2w7rzvm-8418038ce66f588d801e57dd29f5e48b av-styling- avia-align-center  avia-builder-el-1  el_before_av_hr  avia-builder-el-first '   itemprop=\"image\" itemscope=\"itemscope\" itemtype=\"https:\/\/schema.org\/ImageObject\" ><div class=\"avia-image-container-inner\"><div class=\"avia-image-overlay-wrap\"><img decoding=\"async\" fetchpriority=\"high\" class='wp-image-236 avia-img-lazy-loading-not-236 avia_image ' src=\"https:\/\/nicolasgallade.ch\/wp-content\/uploads\/2023\/03\/230321_Beitrag_Gallade.png\" alt='' title='230321_Beitrag_Gallade'  height=\"1250\" width=\"1667\"  itemprop=\"thumbnailUrl\" srcset=\"https:\/\/nicolasgallade.ch\/wp-content\/uploads\/2023\/03\/230321_Beitrag_Gallade.png 1667w, https:\/\/nicolasgallade.ch\/wp-content\/uploads\/2023\/03\/230321_Beitrag_Gallade-300x225.png 300w, https:\/\/nicolasgallade.ch\/wp-content\/uploads\/2023\/03\/230321_Beitrag_Gallade-1030x772.png 1030w, https:\/\/nicolasgallade.ch\/wp-content\/uploads\/2023\/03\/230321_Beitrag_Gallade-768x576.png 768w, https:\/\/nicolasgallade.ch\/wp-content\/uploads\/2023\/03\/230321_Beitrag_Gallade-1536x1152.png 1536w, https:\/\/nicolasgallade.ch\/wp-content\/uploads\/2023\/03\/230321_Beitrag_Gallade-1500x1125.png 1500w, https:\/\/nicolasgallade.ch\/wp-content\/uploads\/2023\/03\/230321_Beitrag_Gallade-705x529.png 705w\" sizes=\"(max-width: 1667px) 100vw, 1667px\" \/><\/div><\/div><\/div><br \/>\n\n<style type=\"text\/css\" data-created_by=\"avia_inline_auto\" id=\"style-css-av-kykk9sf4-dbfbf82eff6975594fea3f18a47eb560\">\n#top .hr.hr-invisible.av-kykk9sf4-dbfbf82eff6975594fea3f18a47eb560{\nheight:20px;\n}\n<\/style>\n<div  class='hr av-kykk9sf4-dbfbf82eff6975594fea3f18a47eb560 hr-invisible  avia-builder-el-2  el_after_av_image  el_before_av_textblock '><span class='hr-inner '><span class=\"hr-inner-style\"><\/span><\/span><\/div><br \/>\n\n<style type=\"text\/css\" data-created_by=\"avia_inline_auto\" id=\"style-css-av-kykk4rss-a376bf22d87192667ab2f0e00aa0781b\">\n#top .av_textblock_section.av-kykk4rss-a376bf22d87192667ab2f0e00aa0781b .avia_textblock{\nfont-size:18px;\n}\n\n@media only screen and (min-width: 768px) and (max-width: 989px){ \n#top .av_textblock_section.av-kykk4rss-a376bf22d87192667ab2f0e00aa0781b .avia_textblock{\nfont-size:16px;\n}\n}\n\n@media only screen and (min-width: 480px) and (max-width: 767px){ \n#top .av_textblock_section.av-kykk4rss-a376bf22d87192667ab2f0e00aa0781b .avia_textblock{\nfont-size:14px;\n}\n}\n\n@media only screen and (max-width: 479px){ \n#top .av_textblock_section.av-kykk4rss-a376bf22d87192667ab2f0e00aa0781b .avia_textblock{\nfont-size:14px;\n}\n}\n<\/style>\n<section  class='av_textblock_section av-kykk4rss-a376bf22d87192667ab2f0e00aa0781b '   itemscope=\"itemscope\" itemtype=\"https:\/\/schema.org\/BlogPosting\" itemprop=\"blogPost\" ><div class='avia_textblock'  itemprop=\"text\" ><p>Der Landbote ver\u00f6ffentlichete am 20. M\u00e4rz 2023 ein Interview mit mir zur Asylfrage, ein Jahr nach dem \u00dcberfall Russlands auf die Ukraine, zur Sozialpolitik generell und der Entwicklung in Winterthur.<\/p>\n<p>Ich bin gespannt auf Ihre Reaktionen!<\/p>\n<p>Nicolas Gallad\u00e9, Stadtrat und Sozialvorsteher<\/p>\n<p>Der Beitrag als <a href=\"https:\/\/nicolasgallade.ch\/wp-content\/uploads\/2023\/03\/Seite_03_Der_Landbote_2023-03-20.pdf\" target=\"_blank\" rel=\"noopener\">PDF zum Download<\/a><\/p>\n<p><img loading=\"lazy\" decoding=\"async\" class=\"alignleft wp-image-239\" src=\"https:\/\/nicolasgallade.ch\/wp-content\/uploads\/2023\/03\/Seite_03_Der_Landbote_2023-03-20-e1679422458146.png\" alt=\"\" width=\"250\" height=\"369\" srcset=\"https:\/\/nicolasgallade.ch\/wp-content\/uploads\/2023\/03\/Seite_03_Der_Landbote_2023-03-20-e1679422458146.png 400w, https:\/\/nicolasgallade.ch\/wp-content\/uploads\/2023\/03\/Seite_03_Der_Landbote_2023-03-20-e1679422458146-203x300.png 203w\" sizes=\"auto, (max-width: 250px) 100vw, 250px\" \/><\/p>\n<\/div><\/section><\/p><\/div>\n","protected":false},"excerpt":{"rendered":"<p>Nicolas Gallad\u00e9 zur Fl\u00fcchtlingsfrage ein Jahr nach Beginn des Krieges in der Ukraine, zur Sozialpolitik und ihren Entwicklungen mit der Ver\u00e4nderung Winterthurs.<\/p>\n","protected":false},"author":2,"featured_media":236,"comment_status":"open","ping_status":"closed","sticky":false,"template":"","format":"standard","meta":{"footnotes":""},"categories":[3,4],"tags":[17,18,16,19],"class_list":["post-234","post","type-post","status-publish","format-standard","has-post-thumbnail","hentry","category-front_news","category-meinungen","tag-kantonsrat","tag-regierungsrat","tag-wahlen","tag-winterthur"],"_links":{"self":[{"href":"https:\/\/nicolasgallade.ch\/index.php\/wp-json\/wp\/v2\/posts\/234","targetHints":{"allow":["GET"]}}],"collection":[{"href":"https:\/\/nicolasgallade.ch\/index.php\/wp-json\/wp\/v2\/posts"}],"about":[{"href":"https:\/\/nicolasgallade.ch\/index.php\/wp-json\/wp\/v2\/types\/post"}],"author":[{"embeddable":true,"href":"https:\/\/nicolasgallade.ch\/index.php\/wp-json\/wp\/v2\/users\/2"}],"replies":[{"embeddable":true,"href":"https:\/\/nicolasgallade.ch\/index.php\/wp-json\/wp\/v2\/comments?post=234"}],"version-history":[{"count":3,"href":"https:\/\/nicolasgallade.ch\/index.php\/wp-json\/wp\/v2\/posts\/234\/revisions"}],"predecessor-version":[{"id":241,"href":"https:\/\/nicolasgallade.ch\/index.php\/wp-json\/wp\/v2\/posts\/234\/revisions\/241"}],"wp:featuredmedia":[{"embeddable":true,"href":"https:\/\/nicolasgallade.ch\/index.php\/wp-json\/wp\/v2\/media\/236"}],"wp:attachment":[{"href":"https:\/\/nicolasgallade.ch\/index.php\/wp-json\/wp\/v2\/media?parent=234"}],"wp:term":[{"taxonomy":"category","embeddable":true,"href":"https:\/\/nicolasgallade.ch\/index.php\/wp-json\/wp\/v2\/categories?post=234"},{"taxonomy":"post_tag","embeddable":true,"href":"https:\/\/nicolasgallade.ch\/index.php\/wp-json\/wp\/v2\/tags?post=234"}],"curies":[{"name":"wp","href":"https:\/\/api.w.org\/{rel}","templated":true}]}}