{"id":250,"date":"2022-09-22T07:00:16","date_gmt":"2022-09-22T07:00:16","guid":{"rendered":"https:\/\/nicolasgallade.ch\/?p=250"},"modified":"2023-03-29T05:58:05","modified_gmt":"2023-03-29T05:58:05","slug":"zentral-ist-die-gelebte-solidaritaet","status":"publish","type":"post","link":"https:\/\/nicolasgallade.ch\/index.php\/2022\/09\/22\/zentral-ist-die-gelebte-solidaritaet\/","title":{"rendered":"Zentral ist die gelebte Solidarit\u00e4t"},"content":{"rendered":"<div  class='flex_column av-ooep-323a1b4eca0cd21e7e5a8424f699abb9 av_one_full  avia-builder-el-0  avia-builder-el-no-sibling  first flex_column_div  '     ><p>\n<style type=\"text\/css\" data-created_by=\"avia_inline_auto\" id=\"style-css-av-l2w7rzvm-db46b76c736d9ce9fec77a09317873d6\">\n.avia-image-container.av-l2w7rzvm-db46b76c736d9ce9fec77a09317873d6 img.avia_image{\nbox-shadow:none;\n}\n.avia-image-container.av-l2w7rzvm-db46b76c736d9ce9fec77a09317873d6 .av-image-caption-overlay-center{\ncolor:#ffffff;\n}\n<\/style>\n<div  class='avia-image-container av-l2w7rzvm-db46b76c736d9ce9fec77a09317873d6 av-styling- avia-align-center  avia-builder-el-1  el_before_av_hr  avia-builder-el-first '   itemprop=\"image\" itemscope=\"itemscope\" itemtype=\"https:\/\/schema.org\/ImageObject\" ><div class=\"avia-image-container-inner\"><div class=\"avia-image-overlay-wrap\"><img decoding=\"async\" fetchpriority=\"high\" class='wp-image-247 avia-img-lazy-loading-not-247 avia_image ' src=\"https:\/\/nicolasgallade.ch\/wp-content\/uploads\/2023\/03\/230330_Beitrag_Gallade_Solidaritaet-e1680068916337.png\" alt='' title='230330_Beitrag_Gallade_Solidaritaet'  height=\"600\" width=\"800\"  itemprop=\"thumbnailUrl\" srcset=\"https:\/\/nicolasgallade.ch\/wp-content\/uploads\/2023\/03\/230330_Beitrag_Gallade_Solidaritaet-e1680068916337.png 800w, https:\/\/nicolasgallade.ch\/wp-content\/uploads\/2023\/03\/230330_Beitrag_Gallade_Solidaritaet-e1680068916337-300x225.png 300w, https:\/\/nicolasgallade.ch\/wp-content\/uploads\/2023\/03\/230330_Beitrag_Gallade_Solidaritaet-e1680068916337-768x576.png 768w, https:\/\/nicolasgallade.ch\/wp-content\/uploads\/2023\/03\/230330_Beitrag_Gallade_Solidaritaet-e1680068916337-705x529.png 705w\" sizes=\"(max-width: 800px) 100vw, 800px\" \/><\/div><\/div><\/div><br \/>\n\n<style type=\"text\/css\" data-created_by=\"avia_inline_auto\" id=\"style-css-av-kykk9sf4-dbfbf82eff6975594fea3f18a47eb560\">\n#top .hr.hr-invisible.av-kykk9sf4-dbfbf82eff6975594fea3f18a47eb560{\nheight:20px;\n}\n<\/style>\n<div  class='hr av-kykk9sf4-dbfbf82eff6975594fea3f18a47eb560 hr-invisible  avia-builder-el-2  el_after_av_image  el_before_av_textblock '><span class='hr-inner '><span class=\"hr-inner-style\"><\/span><\/span><\/div><br \/>\n\n<style type=\"text\/css\" data-created_by=\"avia_inline_auto\" id=\"style-css-av-kykk4rss-a376bf22d87192667ab2f0e00aa0781b\">\n#top .av_textblock_section.av-kykk4rss-a376bf22d87192667ab2f0e00aa0781b .avia_textblock{\nfont-size:18px;\n}\n\n@media only screen and (min-width: 768px) and (max-width: 989px){ \n#top .av_textblock_section.av-kykk4rss-a376bf22d87192667ab2f0e00aa0781b .avia_textblock{\nfont-size:16px;\n}\n}\n\n@media only screen and (min-width: 480px) and (max-width: 767px){ \n#top .av_textblock_section.av-kykk4rss-a376bf22d87192667ab2f0e00aa0781b .avia_textblock{\nfont-size:14px;\n}\n}\n\n@media only screen and (max-width: 479px){ \n#top .av_textblock_section.av-kykk4rss-a376bf22d87192667ab2f0e00aa0781b .avia_textblock{\nfont-size:14px;\n}\n}\n<\/style>\n<section  class='av_textblock_section av-kykk4rss-a376bf22d87192667ab2f0e00aa0781b '   itemscope=\"itemscope\" itemtype=\"https:\/\/schema.org\/BlogPosting\" itemprop=\"blogPost\" ><div class='avia_textblock'  itemprop=\"text\" ><h2>Willkommen in Winterthur<\/h2>\n<p>Ein halbes Jahr dauert der Angriffskrieg in der Ukraine bereits. Was noch im letzten Winter unvorstellbar schien, ist eingetreten. Und h\u00e4lt an. Der Krieg bringt unbeschreibliches Leid f\u00fcr die betroffenen Menschen in der Ukraine. Und er l\u00e4sst uns ohnm\u00e4chtig zur\u00fcck. Mir geht es auf jeden Fall so. H\u00e4ufig habe ich mir in den letzten sechs Monaten die Frage gestellt: \u00abWas k\u00f6nnen wir tun?\u00bb<\/p>\n<p>Humanit\u00e4re Hilfe und Unterst\u00fctzung vor Ort und in den Nachbarregionen leisten sowie die \u00dcbernahme der Sanktionen der internationalen Staatengemeinschaft gilt es auf staatlicher Ebene konsequent fortzuf\u00fchren. Die sichtbare und sp\u00fcrbare Solidarit\u00e4t mit der Ukraine ist ebenso bedeutend. Der Krieg muss pr\u00e4sent bleiben, solange er dauert. Er darf nicht zu einer Art Gewohnheit, zum Alltag werden.<\/p>\n<p>Zentral ist die gelebte Solidarit\u00e4t, auch bei uns. 60&#8217;000 Ukrainerinnen und Ukrainer fanden seit Kriegsbeginn Schutz in der Schweiz. Eine noch nie dagewesene Anzahl Menschen in so kurzer Zeit. Sie wurden durch die Bev\u00f6lkerung wohlwollend aufgenommen. Mehr noch: Tausende Menschen haben Gefl\u00fcchtete bei sich zu Hause aufgenommen. Zehntausende engagieren sich in zahlreichen Freiwilligenangeboten. Im Nachbarschaftstreff, am neu entstandenen Begegnungsort im Quartier oder bei der Kleiderabgabe. Gerade in Winterthur gibt es ein riesiges privates Engagement und eine Willkommenskultur, f\u00fcr die ich mich herzlich bedanken m\u00f6chte.<\/p>\n<p>Auch wenn der rasche Anstieg der Fl\u00fcchtlingszahlen im Fr\u00fchling \u00fcber die Sommermonate abgeflacht ist: Wir m\u00fcssen uns darauf vorbereiten f\u00fcr den Fall, dass im Winter wieder vermehrt Menschen aus der Ukraine fl\u00fcchten m\u00fcssen. Dann ist unsere uneingeschr\u00e4nkte Solidarit\u00e4t und Aufnahmebereitschaft gefragt \u2013 wie auch bei anderen Verfolgten und Gefl\u00fcchteten aus (B\u00fcrger-)Kriegsgebieten. Ein Teil dieser Vorbereitung in unserer Stadt ist die Er\u00f6ffnung einer dritten gr\u00f6sseren Unterkunft, nach jener im ehemaligen Personalhaus beim Adlergarten und der Mehrzweckanlage Teuchelweiher: Die ehemalige \u00abKochschule\u00bb an der Trollstrasse im Inneren Lind. Am n\u00e4chsten Samstag, 3. September, ist dort von 11 \u2013 14 Uhr Tag der offenen T\u00fcr. Man kann die Unterkunft, die bald gefl\u00fcchteten Familien zur Verf\u00fcgung stehen wird, besichtigen und sich informieren. Eine gute Gelegenheit, vorbeizuschauen.<\/p>\n<p>Nicolas Gallad\u00e9, Stadtrat und Sozialvorsteher<\/p>\n<\/div><\/section><\/p><\/div>\n","protected":false},"excerpt":{"rendered":"<p>Ein halbes Jahr dauert der Angriffskrieg in der Ukraine bereits. Was noch im letzten Winter unvorstellbar schien, ist eingetreten. Und h\u00e4lt an. Der Krieg bringt unbeschreibliches Leid f\u00fcr die betroffenen Menschen in der Ukraine. Und er l\u00e4sst uns ohnm\u00e4chtig zur\u00fcck. Mir geht es auf jeden Fall so. H\u00e4ufig habe ich mir in den letzten sechs Monaten die Frage gestellt: \u00abWas k\u00f6nnen wir tun?\u00bb<\/p>\n","protected":false},"author":2,"featured_media":247,"comment_status":"open","ping_status":"closed","sticky":false,"template":"","format":"standard","meta":{"footnotes":""},"categories":[3,4],"tags":[13,23,12,19],"class_list":["post-250","post","type-post","status-publish","format-standard","has-post-thumbnail","hentry","category-front_news","category-meinungen","tag-fluechtlinge","tag-krieg","tag-ukraine","tag-winterthur"],"_links":{"self":[{"href":"https:\/\/nicolasgallade.ch\/index.php\/wp-json\/wp\/v2\/posts\/250","targetHints":{"allow":["GET"]}}],"collection":[{"href":"https:\/\/nicolasgallade.ch\/index.php\/wp-json\/wp\/v2\/posts"}],"about":[{"href":"https:\/\/nicolasgallade.ch\/index.php\/wp-json\/wp\/v2\/types\/post"}],"author":[{"embeddable":true,"href":"https:\/\/nicolasgallade.ch\/index.php\/wp-json\/wp\/v2\/users\/2"}],"replies":[{"embeddable":true,"href":"https:\/\/nicolasgallade.ch\/index.php\/wp-json\/wp\/v2\/comments?post=250"}],"version-history":[{"count":2,"href":"https:\/\/nicolasgallade.ch\/index.php\/wp-json\/wp\/v2\/posts\/250\/revisions"}],"predecessor-version":[{"id":252,"href":"https:\/\/nicolasgallade.ch\/index.php\/wp-json\/wp\/v2\/posts\/250\/revisions\/252"}],"wp:featuredmedia":[{"embeddable":true,"href":"https:\/\/nicolasgallade.ch\/index.php\/wp-json\/wp\/v2\/media\/247"}],"wp:attachment":[{"href":"https:\/\/nicolasgallade.ch\/index.php\/wp-json\/wp\/v2\/media?parent=250"}],"wp:term":[{"taxonomy":"category","embeddable":true,"href":"https:\/\/nicolasgallade.ch\/index.php\/wp-json\/wp\/v2\/categories?post=250"},{"taxonomy":"post_tag","embeddable":true,"href":"https:\/\/nicolasgallade.ch\/index.php\/wp-json\/wp\/v2\/tags?post=250"}],"curies":[{"name":"wp","href":"https:\/\/api.w.org\/{rel}","templated":true}]}}