{"id":253,"date":"2022-12-08T05:59:00","date_gmt":"2022-12-08T05:59:00","guid":{"rendered":"https:\/\/nicolasgallade.ch\/?p=253"},"modified":"2023-03-29T06:14:54","modified_gmt":"2023-03-29T06:14:54","slug":"freiwilligenarbeit-ist-unbezahlbar","status":"publish","type":"post","link":"https:\/\/nicolasgallade.ch\/index.php\/2022\/12\/08\/freiwilligenarbeit-ist-unbezahlbar\/","title":{"rendered":"Freiwilligenarbeit ist unbezahlbar"},"content":{"rendered":"<div  class='flex_column av-ooep-323a1b4eca0cd21e7e5a8424f699abb9 av_one_full  avia-builder-el-0  avia-builder-el-no-sibling  first flex_column_div  '     ><p>\n<style type=\"text\/css\" data-created_by=\"avia_inline_auto\" id=\"style-css-av-l2w7rzvm-f4448b4c79ec196951275e95a3f4342f\">\n.avia-image-container.av-l2w7rzvm-f4448b4c79ec196951275e95a3f4342f img.avia_image{\nbox-shadow:none;\n}\n.avia-image-container.av-l2w7rzvm-f4448b4c79ec196951275e95a3f4342f .av-image-caption-overlay-center{\ncolor:#ffffff;\n}\n<\/style>\n<div  class='avia-image-container av-l2w7rzvm-f4448b4c79ec196951275e95a3f4342f av-styling- avia-align-center  avia-builder-el-1  el_before_av_hr  avia-builder-el-first '   itemprop=\"image\" itemscope=\"itemscope\" itemtype=\"https:\/\/schema.org\/ImageObject\" ><div class=\"avia-image-container-inner\"><div class=\"avia-image-overlay-wrap\"><img decoding=\"async\" fetchpriority=\"high\" class='wp-image-254 avia-img-lazy-loading-not-254 avia_image ' src=\"https:\/\/nicolasgallade.ch\/wp-content\/uploads\/2023\/03\/230330_Beitrag_Gallade_4_Freiwillige.png\" alt='' title='230330_Beitrag_Gallade_4_Freiwillige'  height=\"1250\" width=\"1667\"  itemprop=\"thumbnailUrl\" srcset=\"https:\/\/nicolasgallade.ch\/wp-content\/uploads\/2023\/03\/230330_Beitrag_Gallade_4_Freiwillige.png 1667w, https:\/\/nicolasgallade.ch\/wp-content\/uploads\/2023\/03\/230330_Beitrag_Gallade_4_Freiwillige-300x225.png 300w, https:\/\/nicolasgallade.ch\/wp-content\/uploads\/2023\/03\/230330_Beitrag_Gallade_4_Freiwillige-1030x772.png 1030w, https:\/\/nicolasgallade.ch\/wp-content\/uploads\/2023\/03\/230330_Beitrag_Gallade_4_Freiwillige-768x576.png 768w, https:\/\/nicolasgallade.ch\/wp-content\/uploads\/2023\/03\/230330_Beitrag_Gallade_4_Freiwillige-1536x1152.png 1536w, https:\/\/nicolasgallade.ch\/wp-content\/uploads\/2023\/03\/230330_Beitrag_Gallade_4_Freiwillige-1500x1125.png 1500w, https:\/\/nicolasgallade.ch\/wp-content\/uploads\/2023\/03\/230330_Beitrag_Gallade_4_Freiwillige-705x529.png 705w\" sizes=\"(max-width: 1667px) 100vw, 1667px\" \/><\/div><\/div><\/div><br \/>\n\n<style type=\"text\/css\" data-created_by=\"avia_inline_auto\" id=\"style-css-av-kykk9sf4-dbfbf82eff6975594fea3f18a47eb560\">\n#top .hr.hr-invisible.av-kykk9sf4-dbfbf82eff6975594fea3f18a47eb560{\nheight:20px;\n}\n<\/style>\n<div  class='hr av-kykk9sf4-dbfbf82eff6975594fea3f18a47eb560 hr-invisible  avia-builder-el-2  el_after_av_image  el_before_av_textblock '><span class='hr-inner '><span class=\"hr-inner-style\"><\/span><\/span><\/div><br \/>\n\n<style type=\"text\/css\" data-created_by=\"avia_inline_auto\" id=\"style-css-av-kykk4rss-a376bf22d87192667ab2f0e00aa0781b\">\n#top .av_textblock_section.av-kykk4rss-a376bf22d87192667ab2f0e00aa0781b .avia_textblock{\nfont-size:18px;\n}\n\n@media only screen and (min-width: 768px) and (max-width: 989px){ \n#top .av_textblock_section.av-kykk4rss-a376bf22d87192667ab2f0e00aa0781b .avia_textblock{\nfont-size:16px;\n}\n}\n\n@media only screen and (min-width: 480px) and (max-width: 767px){ \n#top .av_textblock_section.av-kykk4rss-a376bf22d87192667ab2f0e00aa0781b .avia_textblock{\nfont-size:14px;\n}\n}\n\n@media only screen and (max-width: 479px){ \n#top .av_textblock_section.av-kykk4rss-a376bf22d87192667ab2f0e00aa0781b .avia_textblock{\nfont-size:14px;\n}\n}\n<\/style>\n<section  class='av_textblock_section av-kykk4rss-a376bf22d87192667ab2f0e00aa0781b '   itemscope=\"itemscope\" itemtype=\"https:\/\/schema.org\/BlogPosting\" itemprop=\"blogPost\" ><div class='avia_textblock'  itemprop=\"text\" ><h2>Danke!<\/h2>\n<p>K\u00fcrzlich war ich mit meiner Tochter beim Kerzenziehen in der Halle 710. Ich habe erfahren, wer in diesen Tagen die Nachbarschaft zum \u00abAdventsfenster\u00bb einl\u00e4dt. Ich habe im Busdepot Deutweg einige Spiele der Fussball-WM mitverfolgt. Und ich war am Samstag im Stadthaus, wo die Stadtmusik mit einem eindr\u00fccklichen Konzert ihr 150-j\u00e4hriges Bestehen feierte.<\/p>\n<p>All diese Veranstaltungen \u2013 und viele mehr \u2013 und die damit f\u00fcr viele Menschen verbundenen Erlebnisse, Emotionen und Begegnungen w\u00e4ren ohne freiwilliges Engagement nicht m\u00f6glich. Der internationale Tag der Freiwilligenarbeit ist der Anlass, um Danke zu sagen. Den Menschen, die unbezahlte Freiwilligenarbeit leisten. In Vereinen. Oder in der Nachbarschaftshilfe.<\/p>\n<p>Auch in Winterthur ist die Freiwilligenarbeit vielf\u00e4ltig. Koordiniert wird diese durch die Fachstelle Benevol Winterthur. Benevol ist Ansprechpartner f\u00fcr alle Fragen zur Freiwilligenarbeit und unterst\u00fctzt Organisationen und Vereine bei der Suche nach freiwilligen Mitarbeiterinnen und Mitarbeitern.<\/p>\n<p>Benevol kann rasch auf Ereignisse und Unterst\u00fctzungsbereitschaft reagieren. Nach dem Ausbruch des Krieges in der Ukraine und der dadurch ausgel\u00f6sten grossen Fluchtbewegung wurde die Hilfsbereitschaft der Bev\u00f6lkerung aufgenommen und konnte in Angebote und Projekte vermittelt werden. Ein beeindruckendes Beispiel in diesem Kontext ist die Aufnahmebereitschaft f\u00fcr Gefl\u00fcchtete aus der Ukraine. Hier wurde die Koordinationsstelle f\u00fcr Fl\u00fcchtlingshilfe der reformierten Kirche beauftragt, sich der spezifischen Bed\u00fcrfnisse von Gastfamilien anzunehmen und diese zu unterst\u00fctzen. Ich freue mich sehr, dass dieses Angebot aufgrund der positiven Evaluationsergebnisse auch im n\u00e4chsten Jahr weitergef\u00fchrt wird.<\/p>\n<p>Freiwilligenarbeit findet auch in vielen Bereichen unserer Stadtverwaltung statt. Etwa in den f\u00fcnf st\u00e4dtischen Alterszentren, wo rund 230 freiwillige Mitarbeitende im Einsatz sind. Sie besuchen Bewohnende, machen mit ihnen Spazierg\u00e4nge, leisten ihnen Gesellschaft und begleiten sie an Konzerte oder in Museen.<\/p>\n<p>Freiwilligenarbeit, in all ihren Facetten, ist unbezahlbar. Weil sie Sinn stiftet, Begegnungen f\u00f6rdert, zum gesellschaftlichen Zusammenhalt beitr\u00e4gt und unvergessliche Erlebnisse erm\u00f6glicht. Ein herzliches Dankesch\u00f6n.<\/p>\n<p>Nicolas Gallad\u00e9, Stadtrat und Sozialvorsteher<\/p>\n<\/div><\/section><\/p><\/div>\n","protected":false},"excerpt":{"rendered":"<p>Freiwilligenarbeit, in all ihren Facetten, ist unbezahlbar. Weil sie Sinn stiftet, Begegnungen f\u00f6rdert, zum gesellschaftlichen Zusammenhalt beitr\u00e4gt und unvergessliche Erlebnisse erm\u00f6glicht. Ein herzliches Dankesch\u00f6n.<\/p>\n","protected":false},"author":2,"featured_media":254,"comment_status":"open","ping_status":"closed","sticky":false,"template":"","format":"standard","meta":{"footnotes":""},"categories":[3,4],"tags":[13,23,12,19],"class_list":["post-253","post","type-post","status-publish","format-standard","has-post-thumbnail","hentry","category-front_news","category-meinungen","tag-fluechtlinge","tag-krieg","tag-ukraine","tag-winterthur"],"_links":{"self":[{"href":"https:\/\/nicolasgallade.ch\/index.php\/wp-json\/wp\/v2\/posts\/253","targetHints":{"allow":["GET"]}}],"collection":[{"href":"https:\/\/nicolasgallade.ch\/index.php\/wp-json\/wp\/v2\/posts"}],"about":[{"href":"https:\/\/nicolasgallade.ch\/index.php\/wp-json\/wp\/v2\/types\/post"}],"author":[{"embeddable":true,"href":"https:\/\/nicolasgallade.ch\/index.php\/wp-json\/wp\/v2\/users\/2"}],"replies":[{"embeddable":true,"href":"https:\/\/nicolasgallade.ch\/index.php\/wp-json\/wp\/v2\/comments?post=253"}],"version-history":[{"count":2,"href":"https:\/\/nicolasgallade.ch\/index.php\/wp-json\/wp\/v2\/posts\/253\/revisions"}],"predecessor-version":[{"id":261,"href":"https:\/\/nicolasgallade.ch\/index.php\/wp-json\/wp\/v2\/posts\/253\/revisions\/261"}],"wp:featuredmedia":[{"embeddable":true,"href":"https:\/\/nicolasgallade.ch\/index.php\/wp-json\/wp\/v2\/media\/254"}],"wp:attachment":[{"href":"https:\/\/nicolasgallade.ch\/index.php\/wp-json\/wp\/v2\/media?parent=253"}],"wp:term":[{"taxonomy":"category","embeddable":true,"href":"https:\/\/nicolasgallade.ch\/index.php\/wp-json\/wp\/v2\/categories?post=253"},{"taxonomy":"post_tag","embeddable":true,"href":"https:\/\/nicolasgallade.ch\/index.php\/wp-json\/wp\/v2\/tags?post=253"}],"curies":[{"name":"wp","href":"https:\/\/api.w.org\/{rel}","templated":true}]}}