{"id":276,"date":"2023-10-24T12:00:55","date_gmt":"2023-10-24T12:00:55","guid":{"rendered":"https:\/\/nicolasgallade.ch\/?p=276"},"modified":"2023-10-28T14:33:13","modified_gmt":"2023-10-28T14:33:13","slug":"was-haenschen-nicht-lernt","status":"publish","type":"post","link":"https:\/\/nicolasgallade.ch\/index.php\/2023\/10\/24\/was-haenschen-nicht-lernt\/","title":{"rendered":"Was H\u00e4nschen nicht lernt&#8230;"},"content":{"rendered":"<div  class='flex_column av-ooep-323a1b4eca0cd21e7e5a8424f699abb9 av_one_full  avia-builder-el-0  avia-builder-el-no-sibling  first flex_column_div  '     ><p>\n<style type=\"text\/css\" data-created_by=\"avia_inline_auto\" id=\"style-css-av-l2w7rzvm-57b078ae9df653f31ee1e83a739794c5\">\n.avia-image-container.av-l2w7rzvm-57b078ae9df653f31ee1e83a739794c5 img.avia_image{\nbox-shadow:none;\n}\n.avia-image-container.av-l2w7rzvm-57b078ae9df653f31ee1e83a739794c5 .av-image-caption-overlay-center{\ncolor:#ffffff;\n}\n<\/style>\n<div  class='avia-image-container av-l2w7rzvm-57b078ae9df653f31ee1e83a739794c5 av-styling- avia-align-center  avia-builder-el-1  el_before_av_hr  avia-builder-el-first '   itemprop=\"image\" itemscope=\"itemscope\" itemtype=\"https:\/\/schema.org\/ImageObject\" ><div class=\"avia-image-container-inner\"><div class=\"avia-image-overlay-wrap\"><img decoding=\"async\" fetchpriority=\"high\" class='wp-image-277 avia-img-lazy-loading-not-277 avia_image ' src=\"https:\/\/nicolasgallade.ch\/wp-content\/uploads\/2023\/10\/231024_Blog-Gallade_Wiz_Bild.png\" alt='' title='231024_Blog Gallade_Wiz_Bild'  height=\"1250\" width=\"1667\"  itemprop=\"thumbnailUrl\" srcset=\"https:\/\/nicolasgallade.ch\/wp-content\/uploads\/2023\/10\/231024_Blog-Gallade_Wiz_Bild.png 1667w, https:\/\/nicolasgallade.ch\/wp-content\/uploads\/2023\/10\/231024_Blog-Gallade_Wiz_Bild-300x225.png 300w, https:\/\/nicolasgallade.ch\/wp-content\/uploads\/2023\/10\/231024_Blog-Gallade_Wiz_Bild-1030x772.png 1030w, https:\/\/nicolasgallade.ch\/wp-content\/uploads\/2023\/10\/231024_Blog-Gallade_Wiz_Bild-768x576.png 768w, https:\/\/nicolasgallade.ch\/wp-content\/uploads\/2023\/10\/231024_Blog-Gallade_Wiz_Bild-1536x1152.png 1536w, https:\/\/nicolasgallade.ch\/wp-content\/uploads\/2023\/10\/231024_Blog-Gallade_Wiz_Bild-1500x1125.png 1500w, https:\/\/nicolasgallade.ch\/wp-content\/uploads\/2023\/10\/231024_Blog-Gallade_Wiz_Bild-705x529.png 705w\" sizes=\"(max-width: 1667px) 100vw, 1667px\" \/><\/div><\/div><\/div><br \/>\n\n<style type=\"text\/css\" data-created_by=\"avia_inline_auto\" id=\"style-css-av-kykk9sf4-dbfbf82eff6975594fea3f18a47eb560\">\n#top .hr.hr-invisible.av-kykk9sf4-dbfbf82eff6975594fea3f18a47eb560{\nheight:20px;\n}\n<\/style>\n<div  class='hr av-kykk9sf4-dbfbf82eff6975594fea3f18a47eb560 hr-invisible  avia-builder-el-2  el_after_av_image  el_before_av_textblock '><span class='hr-inner '><span class=\"hr-inner-style\"><\/span><\/span><\/div><br \/>\n\n<style type=\"text\/css\" data-created_by=\"avia_inline_auto\" id=\"style-css-av-kykk4rss-a376bf22d87192667ab2f0e00aa0781b\">\n#top .av_textblock_section.av-kykk4rss-a376bf22d87192667ab2f0e00aa0781b .avia_textblock{\nfont-size:18px;\n}\n\n@media only screen and (min-width: 768px) and (max-width: 989px){ \n#top .av_textblock_section.av-kykk4rss-a376bf22d87192667ab2f0e00aa0781b .avia_textblock{\nfont-size:16px;\n}\n}\n\n@media only screen and (min-width: 480px) and (max-width: 767px){ \n#top .av_textblock_section.av-kykk4rss-a376bf22d87192667ab2f0e00aa0781b .avia_textblock{\nfont-size:14px;\n}\n}\n\n@media only screen and (max-width: 479px){ \n#top .av_textblock_section.av-kykk4rss-a376bf22d87192667ab2f0e00aa0781b .avia_textblock{\nfont-size:14px;\n}\n}\n<\/style>\n<section  class='av_textblock_section av-kykk4rss-a376bf22d87192667ab2f0e00aa0781b '   itemscope=\"itemscope\" itemtype=\"https:\/\/schema.org\/BlogPosting\" itemprop=\"blogPost\" ><div class='avia_textblock'  itemprop=\"text\" ><h2>\u00abWas H\u00e4nschen nicht lernt\u2026<\/h2>\n<p>\u2026 lernt Hans nimmermehr\u00bb. Den meisten von uns ist dieses Sprichwort in der Kindheit wohl irgendwann einmal begegnet. Begleitet von einem Augenzwinkern. Oder einem leicht drohenden Unterton. Bestimmt l\u00e4sst sich Vieles in jungen Jahren einfacher erlernen. Andererseits geht vielen \u00abder Knopf\u00bb erst sp\u00e4ter auf. Nicht alle verbinden ihre Schulzeit mit Erfolg und gelingenden Erlebnissen.<\/p>\n<p>Das ist mit ein Grund, weshalb nicht wenige Menschen keine Berufsausbildung haben. Dies erh\u00f6ht das Risiko, auf Sozialhilfe angewiesen zu sein. Fast die H\u00e4lfte der erwachsenen Sozialhilfe beziehenden Personen in der Schweiz verf\u00fcgt \u00fcber keinen Berufsabschluss. Das ist rund drei Mal mehr als in der Gesamtbev\u00f6lkerung. In der Stadt Winterthur liegt der Anteil von Menschen ohne Berufsbildung in der Sozialhilfe mit 53,5 % noch etwas h\u00f6her, wie der Stadtrat vergangenes Jahr in der Beantwortung des parlamentarischen Postulates \u00abArbeit dank Bildung\u00bb festhielt.<\/p>\n<p>Rund 15 % der Erwachsenen im Kanton Z\u00fcrich haben mangelnde Grundkompetenzen. Also M\u00fche mit Lesen, Schreiben oder Rechnen. In Winterthur entspricht dies 11\u2019000 Personen. Die Betroffenen sind deutlich h\u00e4ufiger in prek\u00e4ren Arbeitsverh\u00e4ltnissen, von Armut betroffen oder auf Sozialhilfe angewiesen. Der Kanton Z\u00fcrich hat 2021 die gesetzliche Grundlage f\u00fcr das Programm \u00abGrundkompetenzen Erwachsene\u00bb geschaffen, welches sogenannte Lernstuben umfasst. Sowohl der Z\u00fcrcher Regierungsrat als auch der Winterthurer Stadtrat haben in ihren aktuellen Legislaturzielen festgelegt, dass Bildungsangebote f\u00fcr Erwachsene mit ungen\u00fcgenden Grundkompetenzen weiter ausgebaut werden sollen.<\/p>\n<p>Morgen Freitag \u00f6ffnet in den eigens daf\u00fcr umgebauten R\u00e4umlichkeiten des Treffpunkts Vogelsang in Winterthur die sechste Lernstube im Kanton Z\u00fcrich ihre T\u00fcren. Dabei werden die Besucherinnen und Besucher niederschwellig, kostenlos und individuell unterst\u00fctzt. In Kursen f\u00fcr Lesen und Schreiben. Beim Umgang mit Computer und Handy. Oder mit dem Schreibdienst und in der Bewerbungswerkstatt. Damit auch Eltern von kleineren Kindern das Angebot nutzen k\u00f6nnen, gibt es eine Kinderbetreuung vor Ort.<\/p>\n<p>Ich bedanke mich bei allen Beteiligten &#8211; Bund, Kanton und dem Verein Offene Soziale Arbeit Winterthur, der f\u00fcr den Betrieb der Lernstube zust\u00e4ndig ist &#8211; dass sie dies erm\u00f6glicht haben. Damit Hans und Johanna nachholen k\u00f6nnen, was H\u00e4nschen und Hanneli noch nicht gelernt haben.<\/p>\n<p><em>Nicolas Gallad\u00e9, Stadtrat und Vorsteher Departement Soziales<\/em><\/p>\n<\/div><\/section><\/p><\/div>\n","protected":false},"excerpt":{"rendered":"<p>Zur Er\u00f6ffnung der Lernstube im Treffpunkt Vogelsang<\/p>\n","protected":false},"author":2,"featured_media":277,"comment_status":"open","ping_status":"closed","sticky":false,"template":"","format":"standard","meta":{"footnotes":""},"categories":[3,4],"tags":[27,14],"class_list":["post-276","post","type-post","status-publish","format-standard","has-post-thumbnail","hentry","category-front_news","category-meinungen","tag-bildungspolitik","tag-sozialpolitik"],"_links":{"self":[{"href":"https:\/\/nicolasgallade.ch\/index.php\/wp-json\/wp\/v2\/posts\/276","targetHints":{"allow":["GET"]}}],"collection":[{"href":"https:\/\/nicolasgallade.ch\/index.php\/wp-json\/wp\/v2\/posts"}],"about":[{"href":"https:\/\/nicolasgallade.ch\/index.php\/wp-json\/wp\/v2\/types\/post"}],"author":[{"embeddable":true,"href":"https:\/\/nicolasgallade.ch\/index.php\/wp-json\/wp\/v2\/users\/2"}],"replies":[{"embeddable":true,"href":"https:\/\/nicolasgallade.ch\/index.php\/wp-json\/wp\/v2\/comments?post=276"}],"version-history":[{"count":3,"href":"https:\/\/nicolasgallade.ch\/index.php\/wp-json\/wp\/v2\/posts\/276\/revisions"}],"predecessor-version":[{"id":291,"href":"https:\/\/nicolasgallade.ch\/index.php\/wp-json\/wp\/v2\/posts\/276\/revisions\/291"}],"wp:featuredmedia":[{"embeddable":true,"href":"https:\/\/nicolasgallade.ch\/index.php\/wp-json\/wp\/v2\/media\/277"}],"wp:attachment":[{"href":"https:\/\/nicolasgallade.ch\/index.php\/wp-json\/wp\/v2\/media?parent=276"}],"wp:term":[{"taxonomy":"category","embeddable":true,"href":"https:\/\/nicolasgallade.ch\/index.php\/wp-json\/wp\/v2\/categories?post=276"},{"taxonomy":"post_tag","embeddable":true,"href":"https:\/\/nicolasgallade.ch\/index.php\/wp-json\/wp\/v2\/tags?post=276"}],"curies":[{"name":"wp","href":"https:\/\/api.w.org\/{rel}","templated":true}]}}