{"id":284,"date":"2023-07-06T12:00:03","date_gmt":"2023-07-06T12:00:03","guid":{"rendered":"https:\/\/nicolasgallade.ch\/?p=284"},"modified":"2023-10-28T13:10:26","modified_gmt":"2023-10-28T13:10:26","slug":"goemmer-is-juhu","status":"publish","type":"post","link":"https:\/\/nicolasgallade.ch\/index.php\/2023\/07\/06\/goemmer-is-juhu\/","title":{"rendered":"G\u00f6mmer is Juhu?"},"content":{"rendered":"<div  class='flex_column av-ooep-323a1b4eca0cd21e7e5a8424f699abb9 av_one_full  avia-builder-el-0  avia-builder-el-no-sibling  first flex_column_div  '     ><p>\n<style type=\"text\/css\" data-created_by=\"avia_inline_auto\" id=\"style-css-av-l2w7rzvm-b698adf051771e679419f11e51d86b3e\">\n.avia-image-container.av-l2w7rzvm-b698adf051771e679419f11e51d86b3e img.avia_image{\nbox-shadow:none;\n}\n.avia-image-container.av-l2w7rzvm-b698adf051771e679419f11e51d86b3e .av-image-caption-overlay-center{\ncolor:#ffffff;\n}\n<\/style>\n<div  class='avia-image-container av-l2w7rzvm-b698adf051771e679419f11e51d86b3e av-styling- avia-align-center  avia-builder-el-1  el_before_av_hr  avia-builder-el-first '   itemprop=\"image\" itemscope=\"itemscope\" itemtype=\"https:\/\/schema.org\/ImageObject\" ><div class=\"avia-image-container-inner\"><div class=\"avia-image-overlay-wrap\"><img decoding=\"async\" fetchpriority=\"high\" class='wp-image-278 avia-img-lazy-loading-not-278 avia_image ' src=\"https:\/\/nicolasgallade.ch\/wp-content\/uploads\/2023\/10\/230706_Blog-Gallade_juhu.png\" alt='' title='230706_Blog Gallade_juhu'  height=\"1250\" width=\"1667\"  itemprop=\"thumbnailUrl\" srcset=\"https:\/\/nicolasgallade.ch\/wp-content\/uploads\/2023\/10\/230706_Blog-Gallade_juhu.png 1667w, https:\/\/nicolasgallade.ch\/wp-content\/uploads\/2023\/10\/230706_Blog-Gallade_juhu-300x225.png 300w, https:\/\/nicolasgallade.ch\/wp-content\/uploads\/2023\/10\/230706_Blog-Gallade_juhu-1030x772.png 1030w, https:\/\/nicolasgallade.ch\/wp-content\/uploads\/2023\/10\/230706_Blog-Gallade_juhu-768x576.png 768w, https:\/\/nicolasgallade.ch\/wp-content\/uploads\/2023\/10\/230706_Blog-Gallade_juhu-1536x1152.png 1536w, https:\/\/nicolasgallade.ch\/wp-content\/uploads\/2023\/10\/230706_Blog-Gallade_juhu-1500x1125.png 1500w, https:\/\/nicolasgallade.ch\/wp-content\/uploads\/2023\/10\/230706_Blog-Gallade_juhu-705x529.png 705w\" sizes=\"(max-width: 1667px) 100vw, 1667px\" \/><\/div><\/div><\/div><br \/>\n\n<style type=\"text\/css\" data-created_by=\"avia_inline_auto\" id=\"style-css-av-kykk9sf4-dbfbf82eff6975594fea3f18a47eb560\">\n#top .hr.hr-invisible.av-kykk9sf4-dbfbf82eff6975594fea3f18a47eb560{\nheight:20px;\n}\n<\/style>\n<div  class='hr av-kykk9sf4-dbfbf82eff6975594fea3f18a47eb560 hr-invisible  avia-builder-el-2  el_after_av_image  el_before_av_textblock '><span class='hr-inner '><span class=\"hr-inner-style\"><\/span><\/span><\/div><br \/>\n\n<style type=\"text\/css\" data-created_by=\"avia_inline_auto\" id=\"style-css-av-kykk4rss-a376bf22d87192667ab2f0e00aa0781b\">\n#top .av_textblock_section.av-kykk4rss-a376bf22d87192667ab2f0e00aa0781b .avia_textblock{\nfont-size:18px;\n}\n\n@media only screen and (min-width: 768px) and (max-width: 989px){ \n#top .av_textblock_section.av-kykk4rss-a376bf22d87192667ab2f0e00aa0781b .avia_textblock{\nfont-size:16px;\n}\n}\n\n@media only screen and (min-width: 480px) and (max-width: 767px){ \n#top .av_textblock_section.av-kykk4rss-a376bf22d87192667ab2f0e00aa0781b .avia_textblock{\nfont-size:14px;\n}\n}\n\n@media only screen and (max-width: 479px){ \n#top .av_textblock_section.av-kykk4rss-a376bf22d87192667ab2f0e00aa0781b .avia_textblock{\nfont-size:14px;\n}\n}\n<\/style>\n<section  class='av_textblock_section av-kykk4rss-a376bf22d87192667ab2f0e00aa0781b '   itemscope=\"itemscope\" itemtype=\"https:\/\/schema.org\/BlogPosting\" itemprop=\"blogPost\" ><div class='avia_textblock'  itemprop=\"text\" ><h2>\u00abG\u00f6mmer is Juhu?\u00bb<\/h2>\n<p>Das \u00abJuhu\u00bb ist eines der \u00e4ltesten Jugendh\u00e4user der Schweiz. Es war immer niederschwellig zug\u00e4nglich. Gerade auch f\u00fcr junge Menschen, die unangepasst waren und eine Alternative zur Gesellschaft und den bestehenden Angeboten suchten. Und an der Steinberggasse 31 f\u00fcndig wurden.<\/p>\n<p>Anfang Juli 1963 wurde dort das Juhu er\u00f6ffnet. Mit Jazz-Keller, K\u00fcche, Kafi, Billard-Zimmer und Bibliothek. Es folgten bewegte Zeiten, die die Entwicklung der Gesellschaft und der Jugendkultur widerspiegeln. So verkehrten bald nach der Gr\u00fcndung die \u00abHalbstarken\u00bb im Juhu, mit denen man sich arrangieren musste, damit nicht andere Jugendliche abgeschreckt wurden. In den 70er-Jahren folgten Auseinandersetzungen rund um staats- und armeekritische Verlautbarungen im Juhu und der Forderung nach einem autonomen Jugendzentrum. Anfang der 80er-Jahre wurde diese Forderung im Nachgang der Globuskrawalle wieder aufgenommen und umgesetzt \u2013 das Experiment scheiterte. Auf die kreative Selbstverwaltung folgten die Auswirkungen der aufkommenden Drogenproblematik. Bis zu 20 Leute aus der Drogenszene wohnten zeitweise im Juhu und verwandelten dieses in eine Notschlafstelle. Zwei Mal brennt es, worauf das Juhu f\u00fcr ein paar Monate geschlossen wird.<\/p>\n<p>Die Drogenproblematik begleitet das Juhu weiter \u2013 bis die Stadt Winterthur 1992 dem drogenpolitischen Massnahmenpaket zustimmt, das Einrichtungen wie die Notschlafstelle, die Drogenanlaufstelle und sp\u00e4ter auch die \u00e4rztlich kontrollierte Heroin- und Methadonabgabe erm\u00f6glicht. Mit einer Leistungsvereinbarung mit der Stadt erh\u00e4lt das Juhu eine solide finanzielle Grundlage. In der Folge wird eine breite Nutzung angestrebt. Das Juhu f\u00f6rdert die junge Kultur, schafft spezifische Angebote f\u00fcr M\u00e4dchen und junge Frauen und versteht sich explizit als Teil der offenen Jugendarbeit Winterthur. Nach der Fl\u00fcchtlingsbewegung 2015 pr\u00e4gen auch junge Menschen aus Syrien, Iran, Irak, Afghanistan und Eritrea das Bild im Juhu. W\u00e4hrend des Corona-Lockdowns musste das Juhu schliessen und das Team betrieb aufsuchende Jugendarbeit. In j\u00fcngerer Vergangenheit f\u00fchren Juhu-Mitarbeitende auch Angebote und Treffs f\u00fcr queere Jugendliche durch und organisiert Weiterbildungen f\u00fcr andere Teams der Jugendarbeit zu diesem Thema.<\/p>\n<p>Am kommenden Samstag feiert das Juhu seinen sechzigsten Geburtstag und \u00f6ffnet seine T\u00fcren. \u00abG\u00f6mmer is Juhu?\u00bb.<\/p>\n<p><em>Nicolas Gallad\u00e9, Stadtrat und Vorsteher Departement Soziales<\/em><\/p>\n<\/div><\/section><\/p><\/div>\n","protected":false},"excerpt":{"rendered":"<p>Das Jugendhaus Winterthur an der Steinberggasse feiert den sechzigsten Geburtstag.<\/p>\n","protected":false},"author":2,"featured_media":278,"comment_status":"open","ping_status":"closed","sticky":false,"template":"","format":"standard","meta":{"footnotes":""},"categories":[3,4],"tags":[25,26,14],"class_list":["post-284","post","type-post","status-publish","format-standard","has-post-thumbnail","hentry","category-front_news","category-meinungen","tag-jugend","tag-jugendhaus","tag-sozialpolitik"],"_links":{"self":[{"href":"https:\/\/nicolasgallade.ch\/index.php\/wp-json\/wp\/v2\/posts\/284","targetHints":{"allow":["GET"]}}],"collection":[{"href":"https:\/\/nicolasgallade.ch\/index.php\/wp-json\/wp\/v2\/posts"}],"about":[{"href":"https:\/\/nicolasgallade.ch\/index.php\/wp-json\/wp\/v2\/types\/post"}],"author":[{"embeddable":true,"href":"https:\/\/nicolasgallade.ch\/index.php\/wp-json\/wp\/v2\/users\/2"}],"replies":[{"embeddable":true,"href":"https:\/\/nicolasgallade.ch\/index.php\/wp-json\/wp\/v2\/comments?post=284"}],"version-history":[{"count":4,"href":"https:\/\/nicolasgallade.ch\/index.php\/wp-json\/wp\/v2\/posts\/284\/revisions"}],"predecessor-version":[{"id":287,"href":"https:\/\/nicolasgallade.ch\/index.php\/wp-json\/wp\/v2\/posts\/284\/revisions\/287"}],"wp:featuredmedia":[{"embeddable":true,"href":"https:\/\/nicolasgallade.ch\/index.php\/wp-json\/wp\/v2\/media\/278"}],"wp:attachment":[{"href":"https:\/\/nicolasgallade.ch\/index.php\/wp-json\/wp\/v2\/media?parent=284"}],"wp:term":[{"taxonomy":"category","embeddable":true,"href":"https:\/\/nicolasgallade.ch\/index.php\/wp-json\/wp\/v2\/categories?post=284"},{"taxonomy":"post_tag","embeddable":true,"href":"https:\/\/nicolasgallade.ch\/index.php\/wp-json\/wp\/v2\/tags?post=284"}],"curies":[{"name":"wp","href":"https:\/\/api.w.org\/{rel}","templated":true}]}}