{"id":292,"date":"2023-09-07T12:00:24","date_gmt":"2023-09-07T12:00:24","guid":{"rendered":"https:\/\/nicolasgallade.ch\/?p=292"},"modified":"2023-10-28T14:38:05","modified_gmt":"2023-10-28T14:38:05","slug":"samstagnachmittags","status":"publish","type":"post","link":"https:\/\/nicolasgallade.ch\/index.php\/2023\/09\/07\/samstagnachmittags\/","title":{"rendered":"Samstagnachmittags"},"content":{"rendered":"<div  class='flex_column av-ooep-323a1b4eca0cd21e7e5a8424f699abb9 av_one_full  avia-builder-el-0  avia-builder-el-no-sibling  first flex_column_div  '     ><p>\n<style type=\"text\/css\" data-created_by=\"avia_inline_auto\" id=\"style-css-av-l2w7rzvm-d5497083992a461ed0f9dfa44f3d91ef\">\n.avia-image-container.av-l2w7rzvm-d5497083992a461ed0f9dfa44f3d91ef img.avia_image{\nbox-shadow:none;\n}\n.avia-image-container.av-l2w7rzvm-d5497083992a461ed0f9dfa44f3d91ef .av-image-caption-overlay-center{\ncolor:#ffffff;\n}\n<\/style>\n<div  class='avia-image-container av-l2w7rzvm-d5497083992a461ed0f9dfa44f3d91ef av-styling- avia-align-center  avia-builder-el-1  el_before_av_hr  avia-builder-el-first '   itemprop=\"image\" itemscope=\"itemscope\" itemtype=\"https:\/\/schema.org\/ImageObject\" ><div class=\"avia-image-container-inner\"><div class=\"avia-image-overlay-wrap\"><img decoding=\"async\" fetchpriority=\"high\" class='wp-image-279 avia-img-lazy-loading-not-279 avia_image ' src=\"https:\/\/nicolasgallade.ch\/wp-content\/uploads\/2023\/10\/230907_Blog-Gallade_samstagsnachmittag.png\" alt='' title='230907_Blog Gallade_samstagsnachmittag'  height=\"1250\" width=\"1667\"  itemprop=\"thumbnailUrl\" srcset=\"https:\/\/nicolasgallade.ch\/wp-content\/uploads\/2023\/10\/230907_Blog-Gallade_samstagsnachmittag.png 1667w, https:\/\/nicolasgallade.ch\/wp-content\/uploads\/2023\/10\/230907_Blog-Gallade_samstagsnachmittag-300x225.png 300w, https:\/\/nicolasgallade.ch\/wp-content\/uploads\/2023\/10\/230907_Blog-Gallade_samstagsnachmittag-1030x772.png 1030w, https:\/\/nicolasgallade.ch\/wp-content\/uploads\/2023\/10\/230907_Blog-Gallade_samstagsnachmittag-768x576.png 768w, https:\/\/nicolasgallade.ch\/wp-content\/uploads\/2023\/10\/230907_Blog-Gallade_samstagsnachmittag-1536x1152.png 1536w, https:\/\/nicolasgallade.ch\/wp-content\/uploads\/2023\/10\/230907_Blog-Gallade_samstagsnachmittag-1500x1125.png 1500w, https:\/\/nicolasgallade.ch\/wp-content\/uploads\/2023\/10\/230907_Blog-Gallade_samstagsnachmittag-705x529.png 705w\" sizes=\"(max-width: 1667px) 100vw, 1667px\" \/><\/div><\/div><\/div><br \/>\n\n<style type=\"text\/css\" data-created_by=\"avia_inline_auto\" id=\"style-css-av-kykk9sf4-dbfbf82eff6975594fea3f18a47eb560\">\n#top .hr.hr-invisible.av-kykk9sf4-dbfbf82eff6975594fea3f18a47eb560{\nheight:20px;\n}\n<\/style>\n<div  class='hr av-kykk9sf4-dbfbf82eff6975594fea3f18a47eb560 hr-invisible  avia-builder-el-2  el_after_av_image  el_before_av_textblock '><span class='hr-inner '><span class=\"hr-inner-style\"><\/span><\/span><\/div><br \/>\n\n<style type=\"text\/css\" data-created_by=\"avia_inline_auto\" id=\"style-css-av-kykk4rss-a376bf22d87192667ab2f0e00aa0781b\">\n#top .av_textblock_section.av-kykk4rss-a376bf22d87192667ab2f0e00aa0781b .avia_textblock{\nfont-size:18px;\n}\n\n@media only screen and (min-width: 768px) and (max-width: 989px){ \n#top .av_textblock_section.av-kykk4rss-a376bf22d87192667ab2f0e00aa0781b .avia_textblock{\nfont-size:16px;\n}\n}\n\n@media only screen and (min-width: 480px) and (max-width: 767px){ \n#top .av_textblock_section.av-kykk4rss-a376bf22d87192667ab2f0e00aa0781b .avia_textblock{\nfont-size:14px;\n}\n}\n\n@media only screen and (max-width: 479px){ \n#top .av_textblock_section.av-kykk4rss-a376bf22d87192667ab2f0e00aa0781b .avia_textblock{\nfont-size:14px;\n}\n}\n<\/style>\n<section  class='av_textblock_section av-kykk4rss-a376bf22d87192667ab2f0e00aa0781b '   itemscope=\"itemscope\" itemtype=\"https:\/\/schema.org\/BlogPosting\" itemprop=\"blogPost\" ><div class='avia_textblock'  itemprop=\"text\" ><h2>Samstagnachmittags<\/h2>\n<p>Beim Durchgehen meiner Kindheitsfotos bin ich k\u00fcrzlich auf ein Bild gestossen, das mir besonders gef\u00e4llt. Es zeigt vier aufgestellte Buben in weissen Hemden und mit Foulard. Ruedi, Dominique, Thomas und ich, voller Vorfreude auf den bevorstehenden Samstagnachmittag. W\u00e4hrend meine drei Schulfreunde noch etliche Jahre in der Pfadi ihre Samstagnachmittage verbringen sollten, ist das Bild in meinem Fall eher eine Momentaufnahme. Nach einigen Mal \u00abW\u00f6lfli\u00bb war meine Pfadi-Karriere beendet. Fortan war am Samstagnachmittag Fussball angesagt. Auch hier blieb die Karriere aus.<\/p>\n<p>Der Jugendpreis der Stadt Winterthur wurde 2016 an die acht Winterthurer Fussballclubs verliehen. In Anerkennung f\u00fcr ihr Engagement f\u00fcr Juniorinnen und Junioren. Nun sind (endlich) die Jugendverb\u00e4nde an der Reihe: Pfadi, Cevi, Jungwacht Blauring, Kadetten und der Bund evangelischer Jungscharen erhalten 2023 den Jugendpreis.<\/p>\n<p>Sie erm\u00f6glichen seit Generationen gemeinsame Erlebnisse in der Natur. Mit dem Preis wird das grosse ehrenamtliche Engagement der Leiterinnen und Leiter gew\u00fcrdigt. Die f\u00fcnf Winterthurer Jugendverb\u00e4nde sorgen daf\u00fcr, dass an einem Samstagnachmittag jeweils rund 1200 Kinder durch die W\u00e4lder streifen und gemeinsam etwas erleben. Sie sind von stark partizipativen Strukturen und dem freiwilligen Einsatz von rund 400 Jugendlichen und jungen Erwachsenen gepr\u00e4gt. Eine Leitungsperson leistet pro Jahr zwischen 100 und 300 Stunden Freiwilligenarbeit f\u00fcr die Planung und Durchf\u00fchrung der Nachmittage in der Natur, f\u00fcr Weiterbildungen und Lager. Das sind in Winterthur rund 100 000 Stunden Freiwilligenarbeit pro Jahr<\/p>\n<p>Gerade im Zeitalter der Digitalisierung bieten die Jugendverb\u00e4nde einen wertvollen Ausgleich f\u00fcr Kinder und Jugendliche jenseits der virtuellen Realit\u00e4t. Die Lager in der Ferienzeit sind jeweils die H\u00f6hepunkte des Verbandsjahres. Zentral dabei sind die Solidarit\u00e4t und das Gef\u00fchl, zusammen etwas auf die Beine zu stellen und f\u00fcreinander da zu sein. Dies alles erm\u00f6glichen die Leiterinnen und Leiter. Und vor allem: strahlende Kinder, die voller Freude dem Samstagnachmittag entgegenblicken. Wie Ruedi, Dominique, Thomas und ich vor vierzig Jahren.<\/p>\n<p>Ich freue auf den n\u00e4chsten Samstagnachmittag. Wenn ich mich bei den Leiterinnen und Leitern f\u00fcr ihr Engagement bedanken und mit dem Stadtpr\u00e4sidenten im Seilpark den diesj\u00e4hrigen Jugendpreis verleihen kann.<\/p>\n<p><em>Nicolas Gallad\u00e9, Stadtrat und Vorsteher Departement Soziales<\/em><\/p>\n<\/div><\/section><\/p><\/div>\n","protected":false},"excerpt":{"rendered":"<p>Die Jugendorganisationen PFadi, CEVI, Blauring, ua. erhalten den Jugendpreis 2023 der Stadt Winterthur<\/p>\n","protected":false},"author":2,"featured_media":279,"comment_status":"open","ping_status":"closed","sticky":false,"template":"","format":"standard","meta":{"footnotes":""},"categories":[3,4],"tags":[30,28,29],"class_list":["post-292","post","type-post","status-publish","format-standard","has-post-thumbnail","hentry","category-front_news","category-meinungen","tag-cevi","tag-jugendpreis","tag-pfadi"],"_links":{"self":[{"href":"https:\/\/nicolasgallade.ch\/index.php\/wp-json\/wp\/v2\/posts\/292","targetHints":{"allow":["GET"]}}],"collection":[{"href":"https:\/\/nicolasgallade.ch\/index.php\/wp-json\/wp\/v2\/posts"}],"about":[{"href":"https:\/\/nicolasgallade.ch\/index.php\/wp-json\/wp\/v2\/types\/post"}],"author":[{"embeddable":true,"href":"https:\/\/nicolasgallade.ch\/index.php\/wp-json\/wp\/v2\/users\/2"}],"replies":[{"embeddable":true,"href":"https:\/\/nicolasgallade.ch\/index.php\/wp-json\/wp\/v2\/comments?post=292"}],"version-history":[{"count":3,"href":"https:\/\/nicolasgallade.ch\/index.php\/wp-json\/wp\/v2\/posts\/292\/revisions"}],"predecessor-version":[{"id":295,"href":"https:\/\/nicolasgallade.ch\/index.php\/wp-json\/wp\/v2\/posts\/292\/revisions\/295"}],"wp:featuredmedia":[{"embeddable":true,"href":"https:\/\/nicolasgallade.ch\/index.php\/wp-json\/wp\/v2\/media\/279"}],"wp:attachment":[{"href":"https:\/\/nicolasgallade.ch\/index.php\/wp-json\/wp\/v2\/media?parent=292"}],"wp:term":[{"taxonomy":"category","embeddable":true,"href":"https:\/\/nicolasgallade.ch\/index.php\/wp-json\/wp\/v2\/categories?post=292"},{"taxonomy":"post_tag","embeddable":true,"href":"https:\/\/nicolasgallade.ch\/index.php\/wp-json\/wp\/v2\/tags?post=292"}],"curies":[{"name":"wp","href":"https:\/\/api.w.org\/{rel}","templated":true}]}}