{"id":334,"date":"2023-12-24T12:30:16","date_gmt":"2023-12-24T12:30:16","guid":{"rendered":"https:\/\/nicolasgallade.ch\/?p=334"},"modified":"2025-04-24T17:31:12","modified_gmt":"2025-04-24T17:31:12","slug":"lieblingsfarbe-bunt","status":"publish","type":"post","link":"https:\/\/nicolasgallade.ch\/index.php\/2023\/12\/24\/lieblingsfarbe-bunt\/","title":{"rendered":"Lieblingsfarbe: bunt"},"content":{"rendered":"<div  class='flex_column av-ooep-323a1b4eca0cd21e7e5a8424f699abb9 av_one_full  avia-builder-el-0  avia-builder-el-no-sibling  first flex_column_div  '     ><p>\n<style type=\"text\/css\" data-created_by=\"avia_inline_auto\" id=\"style-css-av-l2w7rzvm-b1dedc5f170bd5a7dfa2263cecd6ae1f\">\n.avia-image-container.av-l2w7rzvm-b1dedc5f170bd5a7dfa2263cecd6ae1f img.avia_image{\nbox-shadow:none;\n}\n.avia-image-container.av-l2w7rzvm-b1dedc5f170bd5a7dfa2263cecd6ae1f .av-image-caption-overlay-center{\ncolor:#ffffff;\n}\n<\/style>\n<div  class='avia-image-container av-l2w7rzvm-b1dedc5f170bd5a7dfa2263cecd6ae1f av-styling- avia-align-center  avia-builder-el-1  el_before_av_hr  avia-builder-el-first '   itemprop=\"image\" itemscope=\"itemscope\" itemtype=\"https:\/\/schema.org\/ImageObject\" ><div class=\"avia-image-container-inner\"><div class=\"avia-image-overlay-wrap\"><img decoding=\"async\" fetchpriority=\"high\" class='wp-image-322 avia-img-lazy-loading-not-322 avia_image ' src=\"https:\/\/nicolasgallade.ch\/wp-content\/uploads\/2025\/04\/231204_Liebelingsfarbe.png\" alt='' title='231204_Liebelingsfarbe'  height=\"1250\" width=\"1667\"  itemprop=\"thumbnailUrl\" srcset=\"https:\/\/nicolasgallade.ch\/wp-content\/uploads\/2025\/04\/231204_Liebelingsfarbe.png 1667w, https:\/\/nicolasgallade.ch\/wp-content\/uploads\/2025\/04\/231204_Liebelingsfarbe-300x225.png 300w, https:\/\/nicolasgallade.ch\/wp-content\/uploads\/2025\/04\/231204_Liebelingsfarbe-1030x772.png 1030w, https:\/\/nicolasgallade.ch\/wp-content\/uploads\/2025\/04\/231204_Liebelingsfarbe-768x576.png 768w, https:\/\/nicolasgallade.ch\/wp-content\/uploads\/2025\/04\/231204_Liebelingsfarbe-1536x1152.png 1536w, https:\/\/nicolasgallade.ch\/wp-content\/uploads\/2025\/04\/231204_Liebelingsfarbe-1500x1125.png 1500w, https:\/\/nicolasgallade.ch\/wp-content\/uploads\/2025\/04\/231204_Liebelingsfarbe-705x529.png 705w\" sizes=\"(max-width: 1667px) 100vw, 1667px\" \/><\/div><\/div><\/div><br \/>\n\n<style type=\"text\/css\" data-created_by=\"avia_inline_auto\" id=\"style-css-av-kykk9sf4-dbfbf82eff6975594fea3f18a47eb560\">\n#top .hr.hr-invisible.av-kykk9sf4-dbfbf82eff6975594fea3f18a47eb560{\nheight:20px;\n}\n<\/style>\n<div  class='hr av-kykk9sf4-dbfbf82eff6975594fea3f18a47eb560 hr-invisible  avia-builder-el-2  el_after_av_image  el_before_av_textblock '><span class='hr-inner '><span class=\"hr-inner-style\"><\/span><\/span><\/div><br \/>\n\n<style type=\"text\/css\" data-created_by=\"avia_inline_auto\" id=\"style-css-av-kykk4rss-f647750f84b5c73f64cb6237cb66708b\">\n#top .av_textblock_section.av-kykk4rss-f647750f84b5c73f64cb6237cb66708b .avia_textblock{\nfont-size:18px;\n}\n\n@media only screen and (min-width: 768px) and (max-width: 989px){ \n#top .av_textblock_section.av-kykk4rss-f647750f84b5c73f64cb6237cb66708b .avia_textblock{\nfont-size:16px;\n}\n}\n\n@media only screen and (min-width: 480px) and (max-width: 767px){ \n#top .av_textblock_section.av-kykk4rss-f647750f84b5c73f64cb6237cb66708b .avia_textblock{\nfont-size:14px;\n}\n}\n\n@media only screen and (max-width: 479px){ \n#top .av_textblock_section.av-kykk4rss-f647750f84b5c73f64cb6237cb66708b .avia_textblock{\nfont-size:14px;\n}\n}\n<\/style>\n<section  class='av_textblock_section av-kykk4rss-f647750f84b5c73f64cb6237cb66708b '   itemscope=\"itemscope\" itemtype=\"https:\/\/schema.org\/BlogPosting\" itemprop=\"blogPost\" ><div class='avia_textblock'  itemprop=\"text\" ><h2>Lieblingsfarbe: bunt<\/h2>\n<p>Was hat Sie dieses Jahr besonders besch\u00e4ftigt? \u00dcber welche Ereignisse haben Sie sich gefreut? Welche haben Sie bedr\u00fcckt gemacht? Solche Fragen stellen sich f\u00fcr viele, wenn der Jahreswechsel naht. Mir geht es genauso. Das erste Mal jeweils schon im Herbst. Wenn ich freundlich daran erinnert werde, dass es langsam Zeit sei, sich Gedanken f\u00fcr meine Jahresendkarte zu machen.<\/p>\n<p>Als ich das Jahr Revue passieren liess, erinnerte ich mich an eine \u00dcberraschung an einem sonnigen Samstagmorgen. Im Juli. Ich war mit dem Velo unterwegs zum Jubil\u00e4um des Jugendhauses \u00abJuhu\u00bb. Auf meinem gewohnten Arbeitsweg. Entlang der Hegistrasse bemerkte ich, wie die bisher graue L\u00e4rmschutzwand in bunten Farben leuchtete. Ich hielt an und erkundigte mich bei einer Person, die die einzelnen W\u00e4nde mit einem Farbroller grossfl\u00e4chig bemalte. Es handelte sich um ein Projekt der Mobilen Jugendarbeit Winterthur. K\u00fcnstlerinnen und K\u00fcnstler gestalteten die einzelnen W\u00e4nde. Und leiteten Sch\u00fclerinnen und Sch\u00fcler an. Dabei setzten sich diese in Workshops mit den Themen auseinander, die sie besch\u00e4ftigten. Und mit den Werten, die ihnen f\u00fcr ein gutes Zusammenleben wichtig sind.<\/p>\n<p>Das Ergebnis ist nun auf der rund 800 Meter langen Kunstgalerie, einer der wohl l\u00e4ngsten ihrer Art, zu sehen. F\u00fcr mich ein Highlight des zu Ende gehenden Jahres. Weil es f\u00fcr mich und viele andere Menschen Farbe in den Alltag brachte. Und gleichzeitig die bunte Vielfalt von Jugendlichen abbildete. Auch das kommende Jahr wird wieder Momente der Freude und der Trauer bereithalten. Und Ereignisse, die uns \u00fcberraschen werden. Ich w\u00fcnsche Ihnen und ihren Angeh\u00f6rigen einen ruhigen Ausklang des alten Jahres und alles Gute und viel Farbe im neuen Jahr.<\/p>\n<p><em>Nicolas Gallad\u00e9, Stadtrat und Vorsteher Departement Soziales<\/em><\/p>\n<\/div><\/section><\/p><\/div>\n","protected":false},"excerpt":{"rendered":"<p>Was hat Sie dieses Jahr besonders besch\u00e4ftigt? \u00dcber welche Ereignisse haben Sie sich gefreut? Welche haben Sie bedr\u00fcckt gemacht? Solche Fragen stellen sich f\u00fcr viele, wenn der Jahreswechsel naht. Mir geht es genauso. Das erste Mal jeweils schon im Herbst. Wenn ich freundlich daran erinnert werde, dass es langsam Zeit sei, sich Gedanken f\u00fcr meine Jahresendkarte zu machen.<\/p>\n","protected":false},"author":2,"featured_media":322,"comment_status":"open","ping_status":"closed","sticky":false,"template":"","format":"standard","meta":{"footnotes":""},"categories":[3,4],"tags":[],"class_list":["post-334","post","type-post","status-publish","format-standard","has-post-thumbnail","hentry","category-front_news","category-meinungen"],"_links":{"self":[{"href":"https:\/\/nicolasgallade.ch\/index.php\/wp-json\/wp\/v2\/posts\/334","targetHints":{"allow":["GET"]}}],"collection":[{"href":"https:\/\/nicolasgallade.ch\/index.php\/wp-json\/wp\/v2\/posts"}],"about":[{"href":"https:\/\/nicolasgallade.ch\/index.php\/wp-json\/wp\/v2\/types\/post"}],"author":[{"embeddable":true,"href":"https:\/\/nicolasgallade.ch\/index.php\/wp-json\/wp\/v2\/users\/2"}],"replies":[{"embeddable":true,"href":"https:\/\/nicolasgallade.ch\/index.php\/wp-json\/wp\/v2\/comments?post=334"}],"version-history":[{"count":3,"href":"https:\/\/nicolasgallade.ch\/index.php\/wp-json\/wp\/v2\/posts\/334\/revisions"}],"predecessor-version":[{"id":337,"href":"https:\/\/nicolasgallade.ch\/index.php\/wp-json\/wp\/v2\/posts\/334\/revisions\/337"}],"wp:featuredmedia":[{"embeddable":true,"href":"https:\/\/nicolasgallade.ch\/index.php\/wp-json\/wp\/v2\/media\/322"}],"wp:attachment":[{"href":"https:\/\/nicolasgallade.ch\/index.php\/wp-json\/wp\/v2\/media?parent=334"}],"wp:term":[{"taxonomy":"category","embeddable":true,"href":"https:\/\/nicolasgallade.ch\/index.php\/wp-json\/wp\/v2\/categories?post=334"},{"taxonomy":"post_tag","embeddable":true,"href":"https:\/\/nicolasgallade.ch\/index.php\/wp-json\/wp\/v2\/tags?post=334"}],"curies":[{"name":"wp","href":"https:\/\/api.w.org\/{rel}","templated":true}]}}