{"id":347,"date":"2024-05-23T17:43:29","date_gmt":"2024-05-23T17:43:29","guid":{"rendered":"https:\/\/nicolasgallade.ch\/?p=347"},"modified":"2025-04-24T17:48:15","modified_gmt":"2025-04-24T17:48:15","slug":"arbeit-dank-bildung","status":"publish","type":"post","link":"https:\/\/nicolasgallade.ch\/index.php\/2024\/05\/23\/arbeit-dank-bildung\/","title":{"rendered":"Arbeit dank Bildung"},"content":{"rendered":"<div  class='flex_column av-ooep-323a1b4eca0cd21e7e5a8424f699abb9 av_one_full  avia-builder-el-0  avia-builder-el-no-sibling  first flex_column_div  '     ><p>\n<style type=\"text\/css\" data-created_by=\"avia_inline_auto\" id=\"style-css-av-l2w7rzvm-f6f1202d8c18b02dc8943e1e82ba2cdc\">\n.avia-image-container.av-l2w7rzvm-f6f1202d8c18b02dc8943e1e82ba2cdc img.avia_image{\nbox-shadow:none;\n}\n.avia-image-container.av-l2w7rzvm-f6f1202d8c18b02dc8943e1e82ba2cdc .av-image-caption-overlay-center{\ncolor:#ffffff;\n}\n<\/style>\n<div  class='avia-image-container av-l2w7rzvm-f6f1202d8c18b02dc8943e1e82ba2cdc av-styling- avia-align-center  avia-builder-el-1  el_before_av_hr  avia-builder-el-first '   itemprop=\"image\" itemscope=\"itemscope\" itemtype=\"https:\/\/schema.org\/ImageObject\" ><div class=\"avia-image-container-inner\"><div class=\"avia-image-overlay-wrap\"><img decoding=\"async\" fetchpriority=\"high\" class='wp-image-325 avia-img-lazy-loading-not-325 avia_image ' src=\"https:\/\/nicolasgallade.ch\/wp-content\/uploads\/2025\/04\/240523_Arbeit_dank_Bildung.png\" alt='' title='240523_Arbeit_dank_Bildung'  height=\"1250\" width=\"1667\"  itemprop=\"thumbnailUrl\" srcset=\"https:\/\/nicolasgallade.ch\/wp-content\/uploads\/2025\/04\/240523_Arbeit_dank_Bildung.png 1667w, https:\/\/nicolasgallade.ch\/wp-content\/uploads\/2025\/04\/240523_Arbeit_dank_Bildung-300x225.png 300w, https:\/\/nicolasgallade.ch\/wp-content\/uploads\/2025\/04\/240523_Arbeit_dank_Bildung-1030x772.png 1030w, https:\/\/nicolasgallade.ch\/wp-content\/uploads\/2025\/04\/240523_Arbeit_dank_Bildung-768x576.png 768w, https:\/\/nicolasgallade.ch\/wp-content\/uploads\/2025\/04\/240523_Arbeit_dank_Bildung-1536x1152.png 1536w, https:\/\/nicolasgallade.ch\/wp-content\/uploads\/2025\/04\/240523_Arbeit_dank_Bildung-1500x1125.png 1500w, https:\/\/nicolasgallade.ch\/wp-content\/uploads\/2025\/04\/240523_Arbeit_dank_Bildung-705x529.png 705w\" sizes=\"(max-width: 1667px) 100vw, 1667px\" \/><\/div><\/div><\/div><br \/>\n\n<style type=\"text\/css\" data-created_by=\"avia_inline_auto\" id=\"style-css-av-kykk9sf4-dbfbf82eff6975594fea3f18a47eb560\">\n#top .hr.hr-invisible.av-kykk9sf4-dbfbf82eff6975594fea3f18a47eb560{\nheight:20px;\n}\n<\/style>\n<div  class='hr av-kykk9sf4-dbfbf82eff6975594fea3f18a47eb560 hr-invisible  avia-builder-el-2  el_after_av_image  el_before_av_textblock '><span class='hr-inner '><span class=\"hr-inner-style\"><\/span><\/span><\/div><br \/>\n\n<style type=\"text\/css\" data-created_by=\"avia_inline_auto\" id=\"style-css-av-kykk4rss-f647750f84b5c73f64cb6237cb66708b\">\n#top .av_textblock_section.av-kykk4rss-f647750f84b5c73f64cb6237cb66708b .avia_textblock{\nfont-size:18px;\n}\n\n@media only screen and (min-width: 768px) and (max-width: 989px){ \n#top .av_textblock_section.av-kykk4rss-f647750f84b5c73f64cb6237cb66708b .avia_textblock{\nfont-size:16px;\n}\n}\n\n@media only screen and (min-width: 480px) and (max-width: 767px){ \n#top .av_textblock_section.av-kykk4rss-f647750f84b5c73f64cb6237cb66708b .avia_textblock{\nfont-size:14px;\n}\n}\n\n@media only screen and (max-width: 479px){ \n#top .av_textblock_section.av-kykk4rss-f647750f84b5c73f64cb6237cb66708b .avia_textblock{\nfont-size:14px;\n}\n}\n<\/style>\n<section  class='av_textblock_section av-kykk4rss-f647750f84b5c73f64cb6237cb66708b '   itemscope=\"itemscope\" itemtype=\"https:\/\/schema.org\/BlogPosting\" itemprop=\"blogPost\" ><div class='avia_textblock'  itemprop=\"text\" ><h2>Arbeit dank Bildung<\/h2>\n<p>Der Schl\u00fcssel f\u00fcr mehr Chancengerechtigkeit liegt in der Bildung. Je tiefer das Bildungsniveau, desto h\u00f6her das Armutsrisiko. Wer keine berufliche Ausbildung hat, tr\u00e4gt ein gr\u00f6sseres Risiko, auf Sozialhilfe angewiesen zu sein. W\u00e4hrend jede sechste Person \u00fcber keine berufliche Ausbildung verf\u00fcgt, liegt der Anteil in der Sozialhilfe bei rund 50 Prozent.<\/p>\n<p>Im Gegensatz zu fr\u00fcher \u2013 und das ist eine erfreuliche Nachricht \u2013 ist das Bildungssystem durchl\u00e4ssiger geworden. Die verschiedenen Bildungsstufen sind keine isolierten Gef\u00e4sse mehr. Nach meiner KV-Ausbildung habe ich die Erwachsenenmatur nachgeholt. \u00abAuf dem zweiten Bildungsweg\u00bb, wie man damals sagte. Das war noch im letzten Jahrhundert. Mittlerweile sind solche und andere \u00dcberg\u00e4nge noch einmal bedeutend einfacher zu bewerkstelligen.<\/p>\n<p>Strebte man fr\u00fcher eine Ausbildung an und verblieb dann bis zur Pensionierung im erlernten Beruf, ist nun vermehrt \u00ablebenslanges Lernen\u00bb angesagt. Ein wichtiges Element dazu sind Weiterbildungen. Diese sind eine gute Sache. Weiterbildungen tragen aus einer Gesamtsicht aber auch nicht automatisch zu mehr Chancengerechtigkeit bei. Im Gegenteil: Das Bundesamt f\u00fcr Statistik weist in seinen aktuellsten Zahlen aus, dass die Teilnahme an Weiterbildungsangeboten stark mit dem Bildungsniveau zusammenh\u00e4ngt.<\/p>\n<p>W\u00e4hrend im Jahr 2021 fast zwei Drittel der Menschen mit Hochschulabschluss an einer Weiterbildung teilgenommen haben, sinkt der Anteil mit tieferem Bildungsabschluss kontinuierlich. Bei der Gruppe mit einem Berufsbildungsabschluss sind es noch gut ein Drittel, bei jenen ohne Ausbildung ein Sechstel.<\/p>\n<p>Diese Erkenntnisse sprechen nicht gegen Weiterbildung. Sondern f\u00fcr zus\u00e4tzliche, spezifische Angebote. Letztes Jahr wurde im Treffpunkt Vogelsang die Lernstube er\u00f6ffnet. Diese wird durch den Verein Offene Soziale Arbeit Winterthur betrieben und unterst\u00fctzt die Besucherinnen und Besucher kostenlos. Die Sozialen Dienste der Stadt Winterthur nehmen an der Projektdurchf\u00fchrung der Weiterbildungsoffensive \u00abArbeit dank Bildung\u00bb teil. Und das Stadtparlament hat in einem Vorstoss die Einf\u00fchrung von Arbeitsmarktstipendien f\u00fcr Weiterbildungen mit dem Fokus auf Menschen mit niedrigen oder mittleren Qualifikationen gefordert. Der Stadtrat hat letzte Woche beantragt, dieses Anliegen aufzunehmen. Als Massnahme des Legislaturschwerpunktes \u00abBildungsstrategie f\u00fcr Geringqualifizierte\u00bb.<\/p>\n<p><em>Nicolas Gallad\u00e9, Stadtrat und Vorsteher Departement Soziales<\/em><\/p>\n<\/div><\/section><\/p><\/div>\n","protected":false},"excerpt":{"rendered":"<p>\u00dcber 19&#8217;000 Menschen in der Stadt Winterthur sind 65 Jahre oder \u00e4lter. 6000 von ihnen sind 80 Jahre oder \u00e4lter. 83 Prozent aus dieser Gruppe lebt noch zu Hause, also nicht in einem Alters- oder Pflegeheim. Bei den 65-j\u00e4hrigen und \u00e4lteren Personen, die noch zu Hause leben, ist jede zehnte auf Erg\u00e4nzungsleistungen angewiesen.<\/p>\n","protected":false},"author":2,"featured_media":325,"comment_status":"open","ping_status":"closed","sticky":false,"template":"","format":"standard","meta":{"footnotes":""},"categories":[3,4],"tags":[14],"class_list":["post-347","post","type-post","status-publish","format-standard","has-post-thumbnail","hentry","category-front_news","category-meinungen","tag-sozialpolitik"],"_links":{"self":[{"href":"https:\/\/nicolasgallade.ch\/index.php\/wp-json\/wp\/v2\/posts\/347","targetHints":{"allow":["GET"]}}],"collection":[{"href":"https:\/\/nicolasgallade.ch\/index.php\/wp-json\/wp\/v2\/posts"}],"about":[{"href":"https:\/\/nicolasgallade.ch\/index.php\/wp-json\/wp\/v2\/types\/post"}],"author":[{"embeddable":true,"href":"https:\/\/nicolasgallade.ch\/index.php\/wp-json\/wp\/v2\/users\/2"}],"replies":[{"embeddable":true,"href":"https:\/\/nicolasgallade.ch\/index.php\/wp-json\/wp\/v2\/comments?post=347"}],"version-history":[{"count":2,"href":"https:\/\/nicolasgallade.ch\/index.php\/wp-json\/wp\/v2\/posts\/347\/revisions"}],"predecessor-version":[{"id":349,"href":"https:\/\/nicolasgallade.ch\/index.php\/wp-json\/wp\/v2\/posts\/347\/revisions\/349"}],"wp:featuredmedia":[{"embeddable":true,"href":"https:\/\/nicolasgallade.ch\/index.php\/wp-json\/wp\/v2\/media\/325"}],"wp:attachment":[{"href":"https:\/\/nicolasgallade.ch\/index.php\/wp-json\/wp\/v2\/media?parent=347"}],"wp:term":[{"taxonomy":"category","embeddable":true,"href":"https:\/\/nicolasgallade.ch\/index.php\/wp-json\/wp\/v2\/categories?post=347"},{"taxonomy":"post_tag","embeddable":true,"href":"https:\/\/nicolasgallade.ch\/index.php\/wp-json\/wp\/v2\/tags?post=347"}],"curies":[{"name":"wp","href":"https:\/\/api.w.org\/{rel}","templated":true}]}}