{"id":77,"date":"2021-12-09T08:00:38","date_gmt":"2021-12-09T08:00:38","guid":{"rendered":"https:\/\/nicolasgallade.ch\/?p=77"},"modified":"2022-01-27T05:53:41","modified_gmt":"2022-01-27T05:53:41","slug":"baeume","status":"publish","type":"post","link":"https:\/\/nicolasgallade.ch\/index.php\/2021\/12\/09\/baeume\/","title":{"rendered":"Den Wald vor lauter B\u00e4umen nicht sehen"},"content":{"rendered":"<div  class='flex_column av-ooep-323a1b4eca0cd21e7e5a8424f699abb9 av_one_full  avia-builder-el-0  avia-builder-el-no-sibling  first flex_column_div  '     ><p>\n<style type=\"text\/css\" data-created_by=\"avia_inline_auto\" id=\"style-css-av-kykk310y-3a42b149c267f4c0f9d73d7580d0f370\">\n.avia-image-container.av-kykk310y-3a42b149c267f4c0f9d73d7580d0f370 img.avia_image{\nbox-shadow:none;\n}\n.avia-image-container.av-kykk310y-3a42b149c267f4c0f9d73d7580d0f370 .av-image-caption-overlay-center{\ncolor:#ffffff;\n}\n<\/style>\n<div  class='avia-image-container av-kykk310y-3a42b149c267f4c0f9d73d7580d0f370 av-styling- avia-align-center  avia-builder-el-1  el_before_av_hr  avia-builder-el-first '   itemprop=\"image\" itemscope=\"itemscope\" itemtype=\"https:\/\/schema.org\/ImageObject\" ><div class=\"avia-image-container-inner\"><div class=\"avia-image-overlay-wrap\"><img decoding=\"async\" fetchpriority=\"high\" class='wp-image-112 avia-img-lazy-loading-not-112 avia_image ' src=\"https:\/\/nicolasgallade.ch\/wp-content\/uploads\/2022\/01\/FB_bild_NG_Baeume.png\" alt='' title='FB_bild_NG_Baeume'  height=\"896\" width=\"2500\"  itemprop=\"thumbnailUrl\" srcset=\"https:\/\/nicolasgallade.ch\/wp-content\/uploads\/2022\/01\/FB_bild_NG_Baeume.png 2500w, https:\/\/nicolasgallade.ch\/wp-content\/uploads\/2022\/01\/FB_bild_NG_Baeume-300x108.png 300w, https:\/\/nicolasgallade.ch\/wp-content\/uploads\/2022\/01\/FB_bild_NG_Baeume-1030x369.png 1030w, https:\/\/nicolasgallade.ch\/wp-content\/uploads\/2022\/01\/FB_bild_NG_Baeume-768x275.png 768w, https:\/\/nicolasgallade.ch\/wp-content\/uploads\/2022\/01\/FB_bild_NG_Baeume-1536x551.png 1536w, https:\/\/nicolasgallade.ch\/wp-content\/uploads\/2022\/01\/FB_bild_NG_Baeume-2048x734.png 2048w, https:\/\/nicolasgallade.ch\/wp-content\/uploads\/2022\/01\/FB_bild_NG_Baeume-1500x538.png 1500w, https:\/\/nicolasgallade.ch\/wp-content\/uploads\/2022\/01\/FB_bild_NG_Baeume-705x253.png 705w\" sizes=\"(max-width: 2500px) 100vw, 2500px\" \/><\/div><\/div><\/div><br \/>\n\n<style type=\"text\/css\" data-created_by=\"avia_inline_auto\" id=\"style-css-av-kykk9sf4-dbfbf82eff6975594fea3f18a47eb560\">\n#top .hr.hr-invisible.av-kykk9sf4-dbfbf82eff6975594fea3f18a47eb560{\nheight:20px;\n}\n<\/style>\n<div  class='hr av-kykk9sf4-dbfbf82eff6975594fea3f18a47eb560 hr-invisible  avia-builder-el-2  el_after_av_image  el_before_av_textblock '><span class='hr-inner '><span class=\"hr-inner-style\"><\/span><\/span><\/div><br \/>\n<section  class='av_textblock_section av-kykk4rss-daeba483b2c9a6e3161861a50ae76753 '   itemscope=\"itemscope\" itemtype=\"https:\/\/schema.org\/BlogPosting\" itemprop=\"blogPost\" ><div class='avia_textblock'  itemprop=\"text\" ><p>Am letzten Montag hat der Gemeinderat das Budget der Stadt Winterthur f\u00fcr das kommende Jahr verabschiedet. Das ging erfreulicherweise so ger\u00e4uschlos wie selten \u00fcber die B\u00fchne. Die meisten Antr\u00e4ge waren unspektakul\u00e4r: Der Verein Ferienprogramm erh\u00e4lt neu 25&#8217;000 Franken. Die Sportvereine erhalten 35&#8217;000 Franken, um ihre Mehrkosten f\u00fcr die Kostenpflicht bei Parkpl\u00e4tzen abzumildern. Die Sachkosten f\u00fcr externe Gutachten im Bau werden um 100&#8217;000 Franken reduziert. Diese Antr\u00e4ge werden die einen Betroffenen freuen, andere werden sich \u00e4rgern. Matchentscheidend f\u00fcr die finanzielle Zukunft unserer Stadt sind sie aber nicht.<\/p>\n<p>Eher nebenbei wurde die wesentlichste Ver\u00e4nderung, die das Budget bringt, erw\u00e4hnt: Die Verbesserung von rund 16 Millionen Franken aufgrund der Erh\u00f6hung des kantonalen Anteils bei den Zusatzleistungen zur AHV und IV. Dabei handelte es sich weder um \u00abGl\u00fcck\u00bb noch um ein \u00abgrossz\u00fcgiges Geschenk\u00bb, wie gemeinder\u00e4tlichen Voten zu entnehmen war. Diese Gesetzes\u00e4nderung ist eine direkte Folge der langj\u00e4hrigen Bem\u00fchungen f\u00fcr einen faireren Soziallastenausgleich. Sie fand durch \u00fcberzeugende Argumente, gute Vernetzung, viel Ausdauer und tragf\u00e4hige Allianzen im Kantonsrat eine Mehrheit. Eine Mehrheit, die nach einem Referendum der SVP auch durch die Stimmbev\u00f6lkerung des Kantons Z\u00fcrich klar best\u00e4tigt wurde. Die Wirkung ist substantiell: 16 Millionen Franken entsprechen der Gr\u00f6ssenordnung eines halben Sparprogrammes. Letzteres ist erfahrungsgem\u00e4ss meist nicht nachhaltig \u2013 die damit verbundenen imagem\u00e4ssigen Reputationssch\u00e4den dagegen schon.<\/p>\n<p>Die Lehre aus dem Budget 2022 lautet: Fokussieren wir unsere Ressourcen \u2013 in der Finanzpolitik, aber auch ganz allgemein &#8211; dort, wo wir Wirkung erzielen. Verfolgen wir konsequent die grossen Linien, statt uns im \u00abKleinklein\u00bb zu verlieren. Konkret: Entwickeln wir die \u2013 erfolgreiche &#8211; Forderung nach einem fairen Soziallastenausgleich weiter. Zu einer Entwicklungsdividende f\u00fcr die kommunalen Leistungen f\u00fcr einen prosperierenden Kanton. Und bek\u00e4mpfen wir gemeinsam, entschieden und kompromisslos die Bestrebungen der SVP, den kantonalen Zentrumslastenausgleich um einen Drittel zu k\u00fcrzen. Das w\u00fcrde Winterthur teuer zu stehen kommen: Eine Verschlechterung von knapp 30 Millionen Franken \u2013 also der Gr\u00f6ssenordnung eines Sparprogrammes \u2013 w\u00e4re katastrophal.<\/p>\n<p>Nicolas Gallad\u00e9, Stadtrat Soziales<\/p>\n<\/div><\/section><\/p><\/div>\n","protected":false},"excerpt":{"rendered":"","protected":false},"author":2,"featured_media":114,"comment_status":"open","ping_status":"closed","sticky":false,"template":"","format":"standard","meta":{"footnotes":""},"categories":[3,4],"tags":[8,7,6],"class_list":["post-77","post","type-post","status-publish","format-standard","has-post-thumbnail","hentry","category-front_news","category-meinungen","tag-armut","tag-finanzpolitik","tag-sozialhilfe"],"_links":{"self":[{"href":"https:\/\/nicolasgallade.ch\/index.php\/wp-json\/wp\/v2\/posts\/77","targetHints":{"allow":["GET"]}}],"collection":[{"href":"https:\/\/nicolasgallade.ch\/index.php\/wp-json\/wp\/v2\/posts"}],"about":[{"href":"https:\/\/nicolasgallade.ch\/index.php\/wp-json\/wp\/v2\/types\/post"}],"author":[{"embeddable":true,"href":"https:\/\/nicolasgallade.ch\/index.php\/wp-json\/wp\/v2\/users\/2"}],"replies":[{"embeddable":true,"href":"https:\/\/nicolasgallade.ch\/index.php\/wp-json\/wp\/v2\/comments?post=77"}],"version-history":[{"count":6,"href":"https:\/\/nicolasgallade.ch\/index.php\/wp-json\/wp\/v2\/posts\/77\/revisions"}],"predecessor-version":[{"id":152,"href":"https:\/\/nicolasgallade.ch\/index.php\/wp-json\/wp\/v2\/posts\/77\/revisions\/152"}],"wp:featuredmedia":[{"embeddable":true,"href":"https:\/\/nicolasgallade.ch\/index.php\/wp-json\/wp\/v2\/media\/114"}],"wp:attachment":[{"href":"https:\/\/nicolasgallade.ch\/index.php\/wp-json\/wp\/v2\/media?parent=77"}],"wp:term":[{"taxonomy":"category","embeddable":true,"href":"https:\/\/nicolasgallade.ch\/index.php\/wp-json\/wp\/v2\/categories?post=77"},{"taxonomy":"post_tag","embeddable":true,"href":"https:\/\/nicolasgallade.ch\/index.php\/wp-json\/wp\/v2\/tags?post=77"}],"curies":[{"name":"wp","href":"https:\/\/api.w.org\/{rel}","templated":true}]}}